{"id":2567,"date":"2025-11-15T17:14:24","date_gmt":"2025-11-15T16:14:24","guid":{"rendered":"https:\/\/szentannaplebania.dnyem.hu\/?p=2567"},"modified":"2025-11-15T17:14:24","modified_gmt":"2025-11-15T16:14:24","slug":"15-november-2025-1714","status":"publish","type":"post","link":"https:\/\/szentannaplebania.dnyem.hu\/?p=2567","title":{"rendered":"15 November, 2025 17:14"},"content":{"rendered":"<p><strong>HIRDET\u00c9SEINK AZ \u00c9VK\u00d6ZI 33. VAS\u00c1RNAP<\/strong> (november 16.)<\/p>\n<p>1. Ma \u00fcnnepelj\u00fck a Szeg\u00e9nyek Vil\u00e1gnapj\u00e1t.<\/p>\n<p>2. <strong>Szombaton a 18 \u00f3rai<\/strong> szentmis\u00e9ben lesz az id\u00e9n kerek \u00e9vfordul\u00f3s h\u00e1zasp\u00e1rok h\u00e1laad\u00e1sa. A h\u00e1laad\u00e1s ut\u00e1n tal\u00e1lkoz\u00e1sra h\u00edvom \u0151ket a 7. terembe.<\/p>\n<p>3. <strong> A k\u00f6vetkez\u0151 vas\u00e1rnap<\/strong> Krisztusnak, a Mindens\u00e9g Kir\u00e1ly\u00e1nak f\u0151\u00fcnnep\u00e9n orsz\u00e1gos gy\u0171jt\u00e9st tartunk a Karit\u00e1sz jav\u00e1ra.<\/p>\n<p>F\u00e9l 6-kor \u00e9nekelj\u00fck a J\u00e9zus Sz\u00edve lit\u00e1ni\u00e1t az \u201e\u00dar J\u00e9zus, az emberi nem Megv\u00e1lt\u00f3ja, tekints r\u00e1nk\u201d kezdet\u0171 felaj\u00e1nl\u00f3 im\u00e1val. Teljes b\u00facs\u00fat nyerhet\u00fcnk a szokott felt\u00e9telekkel \u00e9s ennek az im\u00e1nak \u00e1h\u00edtatos \u00e9s nyilv\u00e1nos elim\u00e1dkoz\u00e1s\u00e1val. Az ima megtal\u00e1lhat\u00f3 a Hozsanna imak\u00f6nyvben.<\/p>\n<p><a>4. Liturgikus \u00fcnnepek \u00e9s eml\u00e9knapok e h\u00e9ten: szerd\u00e1n \u00c1rp\u00e1d-h\u00e1zi Szt. Erzs\u00e9bet \u00fcnnepe, p\u00e9nteken a Boldogs\u00e1gos Sz\u0171z M\u00e1ria templomban t\u00f6rt\u00e9nt bemutat\u00e1s\u00e1nak eml\u00e9knapja \u00e9s szombaton Szent Cec\u00edlia sz\u0171z \u00e9s v\u00e9rtan\u00fa eml\u00e9knapja.<\/a><\/p>\n<p>5. A Debrecen \u2013 Ny\u00edregyh\u00e1zi Egyh\u00e1zmegye P\u00fcsp\u00f6ki Hivatala szak\u00e1csot keres azonnali vagy december 1-jei kezd\u00e9ssel. A jelentkez\u0151k a titkar c\u00edmre juttass\u00e1k el r\u00f6vid bemutatkoz\u00e1sukat el\u00e9rhet\u0151s\u00e9geikkel egy\u00fctt.<\/p>\n<table>\n<tr>\n<td><a href=\"https:\/\/www.avast.com\/sig-email?utm_medium=email&amp;utm_source=link&amp;utm_campaign=sig-email&amp;utm_content=webmail\"><img loading=\"lazy\" decoding=\"async\" src=\"https:\/\/s-install.avcdn.net\/ipm\/preview\/icons\/icon-envelope-tick-round-orange-animated-no-repeat-v1.gif\" alt=\"\" width=\"46\" height=\"29\" \/><\/a><\/td>\n<td>V\u00edrusmentes.<a href=\"https:\/\/www.avast.com\/sig-email?utm_medium=email&amp;utm_source=link&amp;utm_campaign=sig-email&amp;utm_content=webmail\">www.avast.com<\/a><\/td>\n<\/tr>\n<\/table>\n","protected":false},"excerpt":{"rendered":"<p>HIRDET\u00c9SEINK AZ \u00c9VK\u00d6ZI 33. VAS\u00c1RNAP (november 16.) 1. Ma \u00fcnnepelj\u00fck a Szeg\u00e9nyek Vil\u00e1gnapj\u00e1t. 2. Szombaton a 18 \u00f3rai szentmis\u00e9ben lesz az id\u00e9n kerek \u00e9vfordul\u00f3s h\u00e1zasp\u00e1rok h\u00e1laad\u00e1sa. A h\u00e1laad\u00e1s ut\u00e1n tal\u00e1lkoz\u00e1sra h\u00edvom \u0151ket a 7. terembe. 3. A k\u00f6vetkez\u0151 vas\u00e1rnap Krisztusnak, a Mindens\u00e9g Kir\u00e1ly\u00e1nak f\u0151\u00fcnnep\u00e9n orsz\u00e1gos gy\u0171jt\u00e9st tartunk a Karit\u00e1sz jav\u00e1ra. F\u00e9l 6-kor \u00e9nekelj\u00fck a J\u00e9zus &hellip; <a href=\"https:\/\/szentannaplebania.dnyem.hu\/?p=2567\" class=\"more-link\"><span class=\"screen-reader-text\">15 November, 2025 17:14<\/span> r\u00e9szletei&#8230;<\/a><\/p>\n","protected":false},"author":2,"featured_media":0,"comment_status":"closed","ping_status":"open","sticky":false,"template":"","format":"standard","meta":{"_jetpack_memberships_contains_paid_content":false,"footnotes":""},"categories":[15],"tags":[],"class_list":["post-2567","post","type-post","status-publish","format-standard","hentry","category-hirdetesek"],"jetpack_featured_media_url":"","jetpack_shortlink":"https:\/\/wp.me\/p9doK4-Fp","jetpack_sharing_enabled":true,"_links":{"self":[{"href":"https:\/\/szentannaplebania.dnyem.hu\/index.php?rest_route=\/wp\/v2\/posts\/2567","targetHints":{"allow":["GET"]}}],"collection":[{"href":"https:\/\/szentannaplebania.dnyem.hu\/index.php?rest_route=\/wp\/v2\/posts"}],"about":[{"href":"https:\/\/szentannaplebania.dnyem.hu\/index.php?rest_route=\/wp\/v2\/types\/post"}],"author":[{"embeddable":true,"href":"https:\/\/szentannaplebania.dnyem.hu\/index.php?rest_route=\/wp\/v2\/users\/2"}],"replies":[{"embeddable":true,"href":"https:\/\/szentannaplebania.dnyem.hu\/index.php?rest_route=%2Fwp%2Fv2%2Fcomments&post=2567"}],"version-history":[{"count":0,"href":"https:\/\/szentannaplebania.dnyem.hu\/index.php?rest_route=\/wp\/v2\/posts\/2567\/revisions"}],"wp:attachment":[{"href":"https:\/\/szentannaplebania.dnyem.hu\/index.php?rest_route=%2Fwp%2Fv2%2Fmedia&parent=2567"}],"wp:term":[{"taxonomy":"category","embeddable":true,"href":"https:\/\/szentannaplebania.dnyem.hu\/index.php?rest_route=%2Fwp%2Fv2%2Fcategories&post=2567"},{"taxonomy":"post_tag","embeddable":true,"href":"https:\/\/szentannaplebania.dnyem.hu\/index.php?rest_route=%2Fwp%2Fv2%2Ftags&post=2567"}],"curies":[{"name":"wp","href":"https:\/\/api.w.org\/{rel}","templated":true}]}}