{"id":2568,"date":"2025-11-22T16:39:11","date_gmt":"2025-11-22T15:39:11","guid":{"rendered":"https:\/\/szentannaplebania.dnyem.hu\/?p=2568"},"modified":"2025-11-22T16:39:11","modified_gmt":"2025-11-22T15:39:11","slug":"22-november-2025-1639","status":"publish","type":"post","link":"https:\/\/szentannaplebania.dnyem.hu\/?p=2568","title":{"rendered":"22 November, 2025 16:39"},"content":{"rendered":"<p><strong>HIRDET\u00c9SEINK KRISZTUS KIR\u00c1LY VAS\u00c1RNAPJ\u00c1N (nov. 23.)<\/strong><\/p>\n<p>1. <strong>Ma <\/strong>orsz\u00e1gos gy\u0171jt\u00e9st tartunk a Katolikus Karit\u00e1sz jav\u00e1ra. Nagylelk\u0171 perselyadom\u00e1nyaikat el\u0151re is k\u00f6sz\u00f6n\u00f6m.<\/p>\n<p>2. <strong>Szint\u00e9n ma<\/strong> <strong>17:30-kor<\/strong> \u00e9nekelj\u00fck a J\u00e9zus Sz\u00edve lit\u00e1ni\u00e1t az \u201e\u00dar J\u00e9zus, az emberi nem Megv\u00e1lt\u00f3ja, tekints r\u00e1nk\u2026\u201d kezdet\u0171 felaj\u00e1nl\u00f3 im\u00e1val. Teljes b\u00facs\u00fat nyerhet\u00fcnk a szokott felt\u00e9telekkel \u00e9s ennek az im\u00e1nak \u00e1h\u00edtatos \u00e9s nyilv\u00e1nos elim\u00e1dkoz\u00e1s\u00e1val. Az ima megtal\u00e1lhat\u00f3 a Hozsanna imak\u00f6nyvben.<\/p>\n<p>3. <strong>H\u00e9tf\u0151n <\/strong>lesz Dung-Lac Szt. Andr\u00e1s \u00e1ldoz\u00f3pap \u00e9s t\u00e1rsai, vietn\u00e1mi v\u00e9rtan\u00fak eml\u00e9knapja.<\/p>\n<p>4. <strong>Kedden<\/strong><\/p>\n<p>\u2014 8:30-t\u00f3l Id\u0151sek Akad\u00e9mi\u00e1ja kezd\u0151dik az 5. teremben.<\/p>\n<p>\u2014 D\u00e9lut\u00e1n 3\/4 5-t\u0151l pedig ugyanitt tartjuk a M\u00e1ria \u00e9s M\u00e1rta n\u0151i imak\u00f6rt az egyed\u00fcl\u00e1ll\u00f3 n\u0151knek \u00e9s asszonyoknak (\u00e9desany\u00e1knak \u00e9s nagymam\u00e1knak). Szeretettel v\u00e1rjuk mindk\u00e9t csoporthoz csatlakozni akar\u00f3 testv\u00e9reinket.<\/p>\n<p>5. <strong>Szombaton<\/strong> <strong>10 \u00f3r\u00e1t\u00f3l<\/strong> adventre k\u00e9sz\u00fcl\u0151 k\u00e9zm\u0171ves d\u00e9lel\u0151ttre h\u00edvjuk hittanosainkat, amelyet a keresztfolyos\u00f3r\u00f3l ny\u00edl\u00f3 termekben tartunk. 12 \u00f3r\u00e1t\u00f3l lesz a p\u00e1sztorj\u00e1t\u00e9k szereposzt\u00e1sa \u00e9s olvas\u00e1si pr\u00f3b\u00e1ja.<\/p>\n<p>6. A j\u00f6v\u0151 \u00e9vre m\u00e1r lehet szentmise-sz\u00e1nd\u00e9kokat el\u0151jegyeztetni a pl\u00e9b\u00e1ni\u00e1n szem\u00e9lyesen vagy telefonon.<\/p>\n<p>7. Advent k\u00f6zeledt\u00e9vel Debrecen \u00d6nkorm\u00e1nyzata, a Debreceni Karitat\u00edv Test\u00fclet, a Debrecen-Ny\u00edregyh\u00e1zi Egyh\u00e1zmegye, a Tisz\u00e1nt\u00fali Reform\u00e1tus Egyh\u00e1zker\u00fclet \u00e9s a Hajd\u00fadorogi F\u0151egyh\u00e1zmegye k\u00f6z\u00f6s \u00f6sszefog\u00e1ssal szeretne seg\u00edt\u0151 kezet ny\u00fajtani a debreceni r\u00e1szorul\u00f3knak. \u00c9ppen ez\u00e9rt december 15-ig tart az <strong>Adventi Szeretetdoboz Adom\u00e1nygy\u0171jt\u0151 Akci\u00f3<\/strong>. A szeretetdobozokba els\u0151sorban legal\u00e1bb f\u00e9l \u00e9ves szavatoss\u00e1g\u00fa tart\u00f3s \u00e9lelmiszereket v\u00e1rnak, de sz\u00edvesen fogadnak tiszt\u00e1lkod\u00e1si- \u00e9s tiszt\u00edt\u00f3szereket.<\/p>\n<p>Az adom\u00e1nyok leadhat\u00f3k a sekresty\u00e9ben vagy a pl\u00e9b\u00e1niairod\u00e1n. Csatlakozzunk min\u00e9l t\u00f6bben ehhez az adom\u00e1nygy\u0171jt\u00e9shez!<\/p>\n<p>8. Aki sz\u00edvesen felaj\u00e1nlana megfelel\u0151 nagys\u00e1g\u00fa feny\u0151f\u00e1t kar\u00e1csonyra sz\u00e9kesegyh\u00e1zunknak, vagy ismer valakit, aki ezt fontolgatja \u00e9s keresi a feny\u0151 elfogad\u00f3j\u00e1t, az sz\u00f3ljon nekem miel\u0151bb.<\/p>\n<p>9. <strong>Zar\u00e1ndoklat a Szentf\u00f6ldre<\/strong> 2026. \u00e1prilis 23. \u00e9s 28. k\u00f6z\u00f6tt Zolt\u00e1n atya lelkivezet\u00e9s\u00e9vel. A r\u00e9szletekr\u0151l \u00e9rdekl\u0151dni lehet n\u00e1la. Jelentkez\u00e9si hat\u00e1rid\u0151 dec. 31.<\/p>\n","protected":false},"excerpt":{"rendered":"<p>HIRDET\u00c9SEINK KRISZTUS KIR\u00c1LY VAS\u00c1RNAPJ\u00c1N (nov. 23.) 1. Ma orsz\u00e1gos gy\u0171jt\u00e9st tartunk a Katolikus Karit\u00e1sz jav\u00e1ra. Nagylelk\u0171 perselyadom\u00e1nyaikat el\u0151re is k\u00f6sz\u00f6n\u00f6m. 2. Szint\u00e9n ma 17:30-kor \u00e9nekelj\u00fck a J\u00e9zus Sz\u00edve lit\u00e1ni\u00e1t az \u201e\u00dar J\u00e9zus, az emberi nem Megv\u00e1lt\u00f3ja, tekints r\u00e1nk\u2026\u201d kezdet\u0171 felaj\u00e1nl\u00f3 im\u00e1val. Teljes b\u00facs\u00fat nyerhet\u00fcnk a szokott felt\u00e9telekkel \u00e9s ennek az im\u00e1nak \u00e1h\u00edtatos \u00e9s nyilv\u00e1nos elim\u00e1dkoz\u00e1s\u00e1val. &hellip; <a href=\"https:\/\/szentannaplebania.dnyem.hu\/?p=2568\" class=\"more-link\"><span class=\"screen-reader-text\">22 November, 2025 16:39<\/span> r\u00e9szletei&#8230;<\/a><\/p>\n","protected":false},"author":2,"featured_media":0,"comment_status":"closed","ping_status":"open","sticky":false,"template":"","format":"standard","meta":{"_jetpack_memberships_contains_paid_content":false,"footnotes":""},"categories":[15],"tags":[],"class_list":["post-2568","post","type-post","status-publish","format-standard","hentry","category-hirdetesek"],"jetpack_featured_media_url":"","jetpack_shortlink":"https:\/\/wp.me\/p9doK4-Fq","jetpack_sharing_enabled":true,"_links":{"self":[{"href":"https:\/\/szentannaplebania.dnyem.hu\/index.php?rest_route=\/wp\/v2\/posts\/2568","targetHints":{"allow":["GET"]}}],"collection":[{"href":"https:\/\/szentannaplebania.dnyem.hu\/index.php?rest_route=\/wp\/v2\/posts"}],"about":[{"href":"https:\/\/szentannaplebania.dnyem.hu\/index.php?rest_route=\/wp\/v2\/types\/post"}],"author":[{"embeddable":true,"href":"https:\/\/szentannaplebania.dnyem.hu\/index.php?rest_route=\/wp\/v2\/users\/2"}],"replies":[{"embeddable":true,"href":"https:\/\/szentannaplebania.dnyem.hu\/index.php?rest_route=%2Fwp%2Fv2%2Fcomments&post=2568"}],"version-history":[{"count":0,"href":"https:\/\/szentannaplebania.dnyem.hu\/index.php?rest_route=\/wp\/v2\/posts\/2568\/revisions"}],"wp:attachment":[{"href":"https:\/\/szentannaplebania.dnyem.hu\/index.php?rest_route=%2Fwp%2Fv2%2Fmedia&parent=2568"}],"wp:term":[{"taxonomy":"category","embeddable":true,"href":"https:\/\/szentannaplebania.dnyem.hu\/index.php?rest_route=%2Fwp%2Fv2%2Fcategories&post=2568"},{"taxonomy":"post_tag","embeddable":true,"href":"https:\/\/szentannaplebania.dnyem.hu\/index.php?rest_route=%2Fwp%2Fv2%2Ftags&post=2568"}],"curies":[{"name":"wp","href":"https:\/\/api.w.org\/{rel}","templated":true}]}}