{"id":2569,"date":"2025-11-29T22:02:00","date_gmt":"2025-11-29T21:02:00","guid":{"rendered":"https:\/\/szentannaplebania.dnyem.hu\/?p=2569"},"modified":"2025-11-29T22:02:00","modified_gmt":"2025-11-29T21:02:00","slug":"29-november-2025-2202","status":"publish","type":"post","link":"https:\/\/szentannaplebania.dnyem.hu\/?p=2569","title":{"rendered":"29 November, 2025 22:02"},"content":{"rendered":"<p><strong>HIRDET\u00c9SEINK ADVENT 1. VAS\u00c1RNAPJ\u00c1N (nov. 30.)<\/strong><\/p>\n<p>1. Az egy hete megtartott Karit\u00e1sz-perselygy\u0171jt\u00e9s 568.380,- Ft-ot eredm\u00e9nyezett. Mindenkinek k\u00f6sz\u00f6n\u00f6m a perselyadom\u00e1ny\u00e1t.<\/p>\n<p>2. <strong>Ma <\/strong>17 \u00f3rakor lesz a v\u00e1rosi adventi koszor\u00fa 1. gyerty\u00e1j\u00e1nak meggy\u00fajt\u00e1sa a Reform\u00e1tus Nagytemplom el\u0151tt.<\/p>\n<p>3. <strong>Holnapt\u00f3l<\/strong> advent h\u00e9tk\u00f6znapjain 6 \u00f3rakor kezdj\u00fck a ror\u00e1te-szentmis\u00e9ket, amelyek v\u00e9g\u00e9n \u00e9nekelj\u00fck az \u00dar angyal\u00e1t, \u00e9s szombatonk\u00e9nt a szentmise ut\u00e1n te\u00e1z\u00e1sra h\u00edvjuk Kedves Testv\u00e9reinket az 5. terembe.<\/p>\n<p>Ezeken \u00e9s a t\u00f6bbi szentmis\u00e9n felolvas\u00e1sra \u00e9s ministr\u00e1ci\u00f3ra h\u00edvom a feln\u0151tteket, fiatalokat \u00e9s a gyerekeket. A felolvas\u00e1shoz feliratkozhatnak a sekresty\u00e9ben. 7 \u00f3rakor nem tartunk szentmis\u00e9t.<\/p>\n<p>4. <strong>Szerd\u00e1n<\/strong> lesz Xav\u00e9ri Szt. Ferenc \u00e1ldoz\u00f3pap eml\u00e9knapja<strong>.<\/strong><\/p>\n<p>5. <strong>Els\u0151cs\u00fct\u00f6rt\u00f6k\u00f6n<\/strong> 7 \u00f3r\u00e1t\u00f3l eg\u00e9sz napos szents\u00e9gim\u00e1d\u00e1s lesz 18 \u00f3r\u00e1ig. 17 \u00f3r\u00e1t\u00f3l kezd\u0151dik az ima\u00f3ra papi hivat\u00e1sok\u00e9rt. Az esti szentmise ut\u00e1n <strong>19.00-t\u00f3l<\/strong> kezd\u0151dik az ifj\u00fas\u00e1gi szents\u00e9gim\u00e1d\u00e1si \u00f3ra, amelyre mindenkit h\u00edvnak szeretettel.<\/p>\n<p>6. <strong>Els\u0151p\u00e9nteken<\/strong>, a J\u00e9zus Sz\u00edve-tisztelet napj\u00e1n megl\u00e1togatjuk betegeinket, akik otthonukban akarj\u00e1k szentgy\u00f3n\u00e1sukat \u00e9s \u2013\u00e1ldoz\u00e1sukat elv\u00e9gezni. F\u00e9l 6-kor \u00e9nekelj\u00fck a J\u00e9zus Sz\u00edve lit\u00e1ni\u00e1t.<\/p>\n<p>7. <strong>Szombaton,<\/strong> az adventi filmes d\u00e9lut\u00e1non az Apoll\u00f3 Mozi Kert\u00e9sz Mih\u00e1ly term\u00e9ben 16:30-t\u00f3l megn\u00e9zz\u00fck a 2025-ben k\u00e9sz\u00fclt Romzsa T\u00f3dor magyar \u00e9letrajzi dr\u00e1m\u00e1t. A v\u00e9rtan\u00fap\u00fcsp\u00f6k\u00f6t 2001-ben II. J\u00e1nos P\u00e1l p\u00e1pa avatta boldogg\u00e1. A filmvet\u00edt\u00e9st besz\u00e9lget\u00e9s k\u00f6veti a l\u00e1tottakr\u00f3l. A film megtekint\u00e9se d\u00edjtalan, de regisztr\u00e1ci\u00f3 sz\u00fcks\u00e9ges a pl\u00e9b\u00e1niairod\u00e1n szem\u00e9lyesen vagy telefonon. Mindenkit szeretettel v\u00e1runk.<\/p>\n<p>8. <strong>A k\u00f6vetkez\u0151 vas\u00e1rnap <\/strong>a f\u00e9l 9-es szentmise ut\u00e1n tartjuk a megeml\u00e9kez\u00e9st Szent Mikl\u00f3s p\u00fcsp\u00f6kr\u0151l.<\/p>\n<p>9. Megjelent az \u00d6r\u00f6m-H\u00edr, egyh\u00e1zmegy\u00e9nk sz\u00ednes tartalm\u00fa \u00e9vk\u00f6nyve kalend\u00e1riummal 2026-ra, hit\u00e9leti kr\u00f3nik\u00e1val \u00e9s a lelki-szellemi gazdagod\u00e1st szolg\u00e1l\u00f3 k\u00fcl\u00f6nf\u00e9le \u00edr\u00e1sokkal. Az \u00fajs\u00e1gospolcr\u00f3l vagy a pl\u00e9b\u00e1niairod\u00e1b\u00f3l elvihet\u0151 1500 Ft-\u00e9rt.<\/p>\n<p>10. Egyh\u00e1zk\u00f6zs\u00e9g\u00fcnk kiadv\u00e1ny\u00e1nak, a Debreceni Katolikus Figyel\u0151nek adventre megjelent sz\u00e1ma szint\u00e9n elvihet\u0151 az \u00fajs\u00e1gospolcr\u00f3l 200 Ft-\u00e9rt.<\/p>\n<p>Gondoljunk azokra is, akiknek kedv\u00e9ben j\u00e1rhatunk azzal, ha \u0151k is k\u00e9zbe vehetik e k\u00e9t kiadv\u00e1ny egy-egy p\u00e9ld\u00e1ny\u00e1t.<\/p>\n<p>11. A j\u00f6v\u0151 \u00e9vre m\u00e1r lehet szentmise-sz\u00e1nd\u00e9kokat el\u0151jegyeztetni a pl\u00e9b\u00e1ni\u00e1n szem\u00e9lyesen vagy telefonon.<\/p>\n<p><a>12. Le\u00f3 p\u00e1pa decemberi imasz\u00e1nd\u00e9ka: Im\u00e1dkozzunk, hogy a h\u00e1bor\u00fa vagy konfliktus s\u00fajtotta ter\u00fcleteken \u00e9l\u0151 kereszt\u00e9nyek \u2014 k\u00fcl\u00f6n\u00f6sen K\u00f6zel-Keleten \u2014 a b\u00e9ke, a kiengesztel\u0151d\u00e9s \u00e9s a rem\u00e9ny magvet\u0151i legyenek.<\/a><\/p>\n<p>13. A Szent L\u00e1szl\u00f3 imasz\u00f6vets\u00e9g decemberi r\u00f3zsaf\u00fcz\u00e9rtitok: \u2026 J\u00e9zus, akit \u00e9rt\u00fcnk t\u00f6vissel koron\u00e1ztak. Ne f\u00e1radjunk bele im\u00e1dkozni papi \u00e9s szerzetesi hivat\u00e1sok\u00e9rt!<\/p>\n<p>14. A t\u00e9li h\u00f3napok k\u00f6zeledt\u00e9vel sokan a meleg ruh\u00e1zat hi\u00e1ny\u00e1val is szembes\u00fclnek. Most (haszn\u00e1lt, de j\u00f3 \u00e1llapot\u00fa vagy \u00faj) s\u00e1llal, sapk\u00e1val, meleg pl\u00e9ddel seg\u00edthet\u00fcnk azoknak, akiknek a legnagyobb sz\u00fcks\u00e9g\u00fck van ezekre. Az adom\u00e1nyok leadhat\u00f3k a sekresty\u00e9ben vagy a pl\u00e9b\u00e1niairod\u00e1n. Csatlakozzunk min\u00e9l t\u00f6bben ehhez az adom\u00e1nygy\u0171jt\u00e9shez!<\/p>\n<p>Minden egyes adom\u00e1ny egy l\u00e9p\u00e9ssel k\u00f6zelebb visz minket ahhoz, hogy melegs\u00e9get \u00e9s vigaszt hozzunk azoknak, akik neh\u00e9z helyzetben vannak.<\/p>\n","protected":false},"excerpt":{"rendered":"<p>HIRDET\u00c9SEINK ADVENT 1. VAS\u00c1RNAPJ\u00c1N (nov. 30.) 1. Az egy hete megtartott Karit\u00e1sz-perselygy\u0171jt\u00e9s 568.380,- Ft-ot eredm\u00e9nyezett. Mindenkinek k\u00f6sz\u00f6n\u00f6m a perselyadom\u00e1ny\u00e1t. 2. Ma 17 \u00f3rakor lesz a v\u00e1rosi adventi koszor\u00fa 1. gyerty\u00e1j\u00e1nak meggy\u00fajt\u00e1sa a Reform\u00e1tus Nagytemplom el\u0151tt. 3. Holnapt\u00f3l advent h\u00e9tk\u00f6znapjain 6 \u00f3rakor kezdj\u00fck a ror\u00e1te-szentmis\u00e9ket, amelyek v\u00e9g\u00e9n \u00e9nekelj\u00fck az \u00dar angyal\u00e1t, \u00e9s szombatonk\u00e9nt a szentmise ut\u00e1n &hellip; <a href=\"https:\/\/szentannaplebania.dnyem.hu\/?p=2569\" class=\"more-link\"><span class=\"screen-reader-text\">29 November, 2025 22:02<\/span> r\u00e9szletei&#8230;<\/a><\/p>\n","protected":false},"author":2,"featured_media":0,"comment_status":"closed","ping_status":"open","sticky":false,"template":"","format":"standard","meta":{"_jetpack_memberships_contains_paid_content":false,"footnotes":""},"categories":[15],"tags":[],"class_list":["post-2569","post","type-post","status-publish","format-standard","hentry","category-hirdetesek"],"jetpack_featured_media_url":"","jetpack_shortlink":"https:\/\/wp.me\/p9doK4-Fr","jetpack_sharing_enabled":true,"_links":{"self":[{"href":"https:\/\/szentannaplebania.dnyem.hu\/index.php?rest_route=\/wp\/v2\/posts\/2569","targetHints":{"allow":["GET"]}}],"collection":[{"href":"https:\/\/szentannaplebania.dnyem.hu\/index.php?rest_route=\/wp\/v2\/posts"}],"about":[{"href":"https:\/\/szentannaplebania.dnyem.hu\/index.php?rest_route=\/wp\/v2\/types\/post"}],"author":[{"embeddable":true,"href":"https:\/\/szentannaplebania.dnyem.hu\/index.php?rest_route=\/wp\/v2\/users\/2"}],"replies":[{"embeddable":true,"href":"https:\/\/szentannaplebania.dnyem.hu\/index.php?rest_route=%2Fwp%2Fv2%2Fcomments&post=2569"}],"version-history":[{"count":0,"href":"https:\/\/szentannaplebania.dnyem.hu\/index.php?rest_route=\/wp\/v2\/posts\/2569\/revisions"}],"wp:attachment":[{"href":"https:\/\/szentannaplebania.dnyem.hu\/index.php?rest_route=%2Fwp%2Fv2%2Fmedia&parent=2569"}],"wp:term":[{"taxonomy":"category","embeddable":true,"href":"https:\/\/szentannaplebania.dnyem.hu\/index.php?rest_route=%2Fwp%2Fv2%2Fcategories&post=2569"},{"taxonomy":"post_tag","embeddable":true,"href":"https:\/\/szentannaplebania.dnyem.hu\/index.php?rest_route=%2Fwp%2Fv2%2Ftags&post=2569"}],"curies":[{"name":"wp","href":"https:\/\/api.w.org\/{rel}","templated":true}]}}