{"id":2570,"date":"2025-12-07T17:16:58","date_gmt":"2025-12-07T16:16:58","guid":{"rendered":"https:\/\/szentannaplebania.dnyem.hu\/?p=2570"},"modified":"2025-12-07T17:16:58","modified_gmt":"2025-12-07T16:16:58","slug":"7-december-2025-1716","status":"publish","type":"post","link":"https:\/\/szentannaplebania.dnyem.hu\/?p=2570","title":{"rendered":"7 December, 2025 17:16"},"content":{"rendered":"<p><strong>HIRDET\u00c9SEINK ADVENT 2. VAS\u00c1RNAPJ\u00c1N (dec. 8.)<\/strong><\/p>\n<p>1. Advent h\u00e9tk\u00f6znapjain 6 \u00f3r\u00e1t\u00f3l folytat\u00f3dnak a ror\u00e1te-szentmis\u00e9k, amelyek v\u00e9g\u00e9n \u00e9nekelj\u00fck az \u00dar angyal\u00e1t. Min\u00e9l t\u00f6bben vegy\u00fcnk rajta r\u00e9szt! Szombatonk\u00e9nt a szentmise ut\u00e1n te\u00e1z\u00e1sra h\u00edvjuk Kedves Testv\u00e9reinket az 5. terembe.<\/p>\n<p>Ezeken \u00e9s a t\u00f6bbi szentmis\u00e9n felolvas\u00e1sra \u00e9s ministr\u00e1ci\u00f3ra h\u00edvom a feln\u0151tteket, fiatalokat \u00e9s a gyerekeket. A felolvas\u00e1shoz feliratkozhatnak a sekresty\u00e9ben. 7 \u00f3rakor nincs szentmise.<\/p>\n<p><strong>2. Ma<\/strong>, els\u0151vas\u00e1rnap, 15 \u00f3r\u00e1t\u00f3l szents\u00e9gim\u00e1d\u00e1sra t\u00e9rhet\u00fcnk be 18 \u00f3r\u00e1ig.<\/p>\n<p>3. <strong>Kedden<\/strong> 8:30-t\u00f3l kezd\u0151dik az Id\u0151sek Akad\u00e9mi\u00e1ja az 5. teremben.<\/p>\n<p>4. <strong>Szerd\u00e1n <\/strong>3\/4 5-t\u0151l az 5. teremben tartjuk a M\u00e1ria \u00e9s M\u00e1rta n\u0151i imak\u00f6rt az egyed\u00fcl\u00e1ll\u00f3 n\u0151knek \u00e9s asszonyoknak (\u00e9desany\u00e1knak \u00e9s nagymam\u00e1knak).<\/p>\n<p>5. A <strong>k\u00f6vetkez\u0151 vas\u00e1rnap<\/strong> 19:00-t\u00f3l a Debreceni Egyetem Zenem\u0171v\u00e9szeti Kara orgonatanszakos n\u00f6vend\u00e9keinek adventi koncertj\u00e9n vehet\u00fcnk r\u00e9szt.<\/p>\n<p>6. Liturgikus eml\u00e9knapok e h\u00e9ten: <strong>h\u00e9tf\u0151n<\/strong> a Boldogs\u00e1gos Sz\u0171z M\u00e1ria Szepl\u0151telen fogantat\u00e1s\u00e1nak f\u0151\u00fcnnepe \u00e9s szombaton Szt. L\u00facia sz\u0171z \u00e9s v\u00e9rtan\u00fa eml\u00e9knapja.<\/p>\n<p>M\u00e1hoz egy h\u00e9tre lesz advent III. vas\u00e1rnapja (gaudete-vas\u00e1rnap). 17.30-t\u00f3l \u00fcnnep\u00e9lyes esti dics\u00e9retet \u00e9nekl\u00fcnk.<\/p>\n<p>7. Megjelent az \u00d6r\u00f6m-H\u00edr, egyh\u00e1zmegy\u00e9nk sz\u00ednes tartalm\u00fa \u00e9vk\u00f6nyve kalend\u00e1riummal 2026-ra, hit\u00e9leti kr\u00f3nik\u00e1val \u00e9s a lelki-szellemi gazdagod\u00e1st szolg\u00e1l\u00f3 k\u00fcl\u00f6nf\u00e9le \u00edr\u00e1sokkal. Az \u00fajs\u00e1gospolcr\u00f3l vagy a pl\u00e9b\u00e1niairod\u00e1b\u00f3l elvihet\u0151 1500 Ft-\u00e9rt.<\/p>\n<p>8. Egyh\u00e1zk\u00f6zs\u00e9g\u00fcnk kiadv\u00e1ny\u00e1nak, a Debreceni Katolikus Figyel\u0151nek adventre megjelent sz\u00e1ma elvihet\u0151 az \u00fajs\u00e1gospolcr\u00f3l 200 Ft-\u00e9rt.<\/p>\n<p>9. A j\u00f6v\u0151 \u00e9vre m\u00e1r lehet szentmise-sz\u00e1nd\u00e9kokat el\u0151jegyeztetni a pl\u00e9b\u00e1ni\u00e1n szem\u00e9lyesen vagy telefonon.<\/p>\n<p>10. A t\u00e9li h\u00f3napok k\u00f6zeledt\u00e9vel sokan a meleg ruh\u00e1zat hi\u00e1ny\u00e1val is szembes\u00fclnek. Most (haszn\u00e1lt, de j\u00f3 \u00e1llapot\u00fa vagy \u00faj) s\u00e1llal, sapk\u00e1val, meleg pl\u00e9ddel seg\u00edthet\u00fcnk azoknak, akiknek a legnagyobb sz\u00fcks\u00e9g\u00fck van ezekre. Az adom\u00e1nyok leadhat\u00f3k a sekresty\u00e9ben vagy a pl\u00e9b\u00e1niairod\u00e1n. Csatlakozzunk min\u00e9l t\u00f6bben ehhez az adom\u00e1nygy\u0171jt\u00e9shez!<\/p>\n<p>Minden egyes adom\u00e1ny egy l\u00e9p\u00e9ssel k\u00f6zelebb visz minket ahhoz, hogy melegs\u00e9get \u00e9s vigaszt hozzunk azoknak, akik neh\u00e9z helyzetben vannak.<\/p>\n<p>11. Ha csal\u00e1djukban, rokons\u00e1gukban \u00e9s ismer\u0151seik k\u00f6r\u00e9ben \u00e9lnek olyan id\u0151s betegek, akik nem tudnak szentmis\u00e9re j\u00e1rni, de ig\u00e9nylik a kar\u00e1csonyi gy\u00f3ntat\u00e1st \u00e9s \u00e1ldoztat\u00e1st, akkor nev\u00fcket \u00e9s c\u00edm\u00fcket jelents\u00e9k nekem, hogy fel tudjam keresni \u0151ket.<\/p>\n<table>\n<tr>\n<td><a href=\"https:\/\/www.avast.com\/sig-email?utm_medium=email&amp;utm_source=link&amp;utm_campaign=sig-email&amp;utm_content=webmail\"><img loading=\"lazy\" decoding=\"async\" src=\"https:\/\/s-install.avcdn.net\/ipm\/preview\/icons\/icon-envelope-tick-round-orange-animated-no-repeat-v1.gif\" alt=\"\" width=\"46\" height=\"29\" \/><\/a><\/td>\n<td>V\u00edrusmentes.<a href=\"https:\/\/www.avast.com\/sig-email?utm_medium=email&amp;utm_source=link&amp;utm_campaign=sig-email&amp;utm_content=webmail\">www.avast.com<\/a><\/td>\n<\/tr>\n<\/table>\n","protected":false},"excerpt":{"rendered":"<p>HIRDET\u00c9SEINK ADVENT 2. VAS\u00c1RNAPJ\u00c1N (dec. 8.) 1. Advent h\u00e9tk\u00f6znapjain 6 \u00f3r\u00e1t\u00f3l folytat\u00f3dnak a ror\u00e1te-szentmis\u00e9k, amelyek v\u00e9g\u00e9n \u00e9nekelj\u00fck az \u00dar angyal\u00e1t. Min\u00e9l t\u00f6bben vegy\u00fcnk rajta r\u00e9szt! Szombatonk\u00e9nt a szentmise ut\u00e1n te\u00e1z\u00e1sra h\u00edvjuk Kedves Testv\u00e9reinket az 5. terembe. Ezeken \u00e9s a t\u00f6bbi szentmis\u00e9n felolvas\u00e1sra \u00e9s ministr\u00e1ci\u00f3ra h\u00edvom a feln\u0151tteket, fiatalokat \u00e9s a gyerekeket. A felolvas\u00e1shoz feliratkozhatnak a &hellip; <a href=\"https:\/\/szentannaplebania.dnyem.hu\/?p=2570\" class=\"more-link\"><span class=\"screen-reader-text\">7 December, 2025 17:16<\/span> r\u00e9szletei&#8230;<\/a><\/p>\n","protected":false},"author":2,"featured_media":0,"comment_status":"closed","ping_status":"open","sticky":false,"template":"","format":"standard","meta":{"_jetpack_memberships_contains_paid_content":false,"footnotes":""},"categories":[15],"tags":[],"class_list":["post-2570","post","type-post","status-publish","format-standard","hentry","category-hirdetesek"],"jetpack_featured_media_url":"","jetpack_shortlink":"https:\/\/wp.me\/p9doK4-Fs","jetpack_sharing_enabled":true,"_links":{"self":[{"href":"https:\/\/szentannaplebania.dnyem.hu\/index.php?rest_route=\/wp\/v2\/posts\/2570","targetHints":{"allow":["GET"]}}],"collection":[{"href":"https:\/\/szentannaplebania.dnyem.hu\/index.php?rest_route=\/wp\/v2\/posts"}],"about":[{"href":"https:\/\/szentannaplebania.dnyem.hu\/index.php?rest_route=\/wp\/v2\/types\/post"}],"author":[{"embeddable":true,"href":"https:\/\/szentannaplebania.dnyem.hu\/index.php?rest_route=\/wp\/v2\/users\/2"}],"replies":[{"embeddable":true,"href":"https:\/\/szentannaplebania.dnyem.hu\/index.php?rest_route=%2Fwp%2Fv2%2Fcomments&post=2570"}],"version-history":[{"count":0,"href":"https:\/\/szentannaplebania.dnyem.hu\/index.php?rest_route=\/wp\/v2\/posts\/2570\/revisions"}],"wp:attachment":[{"href":"https:\/\/szentannaplebania.dnyem.hu\/index.php?rest_route=%2Fwp%2Fv2%2Fmedia&parent=2570"}],"wp:term":[{"taxonomy":"category","embeddable":true,"href":"https:\/\/szentannaplebania.dnyem.hu\/index.php?rest_route=%2Fwp%2Fv2%2Fcategories&post=2570"},{"taxonomy":"post_tag","embeddable":true,"href":"https:\/\/szentannaplebania.dnyem.hu\/index.php?rest_route=%2Fwp%2Fv2%2Ftags&post=2570"}],"curies":[{"name":"wp","href":"https:\/\/api.w.org\/{rel}","templated":true}]}}