{"id":2571,"date":"2025-12-13T21:47:54","date_gmt":"2025-12-13T20:47:54","guid":{"rendered":"https:\/\/szentannaplebania.dnyem.hu\/?p=2571"},"modified":"2025-12-13T21:47:54","modified_gmt":"2025-12-13T20:47:54","slug":"13-december-2025-2147","status":"publish","type":"post","link":"https:\/\/szentannaplebania.dnyem.hu\/?p=2571","title":{"rendered":"13 December, 2025 21:47"},"content":{"rendered":"<p><strong>HIRDET\u00c9SEINK ADVENT 3. \u2013 GAUDETE \u2013 VAS\u00c1RNAP (dec. 14.)<\/strong><\/p>\n<p>1. <strong>Ma este<\/strong> f\u00e9l 6-kor \u00fcnnep\u00e9lyes esti dics\u00e9retet \u00e9nekl\u00fcnk.<\/p>\n<p>19:00-t\u00f3l pedig a Debreceni Egyetem Zenem\u0171v\u00e9szeti Kara orgonatanszakos n\u00f6vend\u00e9keinek adventi koncertj\u00e9n vehet\u00fcnk r\u00e9szt.<\/p>\n<p>2. H\u00e9tf\u0151t\u0151l h\u00e9tk\u00f6znaponk\u00e9nt a ror\u00e1te mise ut\u00e1n, 06:45-t\u0151l v\u00e9gezz\u00fck a Szent Csal\u00e1d-j\u00e1r\u00e1s kilencedet a templomban.<\/p>\n<p>3. <strong>P\u00e9nteken reggel f\u00e9l 9-t\u0151l <\/strong>\u00e1ll\u00edtjuk be a feny\u0151f\u00e1t \u00e9s<strong> szombaton<\/strong> 8 \u00f3r\u00e1t\u00f3l d\u00edsz\u00edtj\u00fck, \u00e9s v\u00e9gezz\u00fck sz\u00e9kesegyh\u00e1zunk takar\u00edt\u00e1s\u00e1t kar\u00e1csonyra.<\/p>\n<p>K\u00e9rem, hogy sz\u00e9kesegyh\u00e1zunkat magunk\u00e9nak \u00e9rezve min\u00e9l t\u00f6bben vegy\u00fck ki r\u00e9sz\u00fcnket ezekb\u0151l a munk\u00e1kb\u00f3l!<\/p>\n<p>4. <strong>Szint\u00e9n szombaton<\/strong> \u201eEgy T\u00e1ny\u00e9r Szeretet\u201d mott\u00f3val sz\u00e9kesegyh\u00e1zunkba j\u00e1r\u00f3 fiatal v\u00e1llalkoz\u00f3k fognak f\u0151zni 400 f\u0151 r\u00e1szorul\u00f3nak. Az \u00e9teloszt\u00e1s 13:00 \u00f3rakor kezd\u0151dik a B\u00f6sz\u00f6rm\u00e9nyi \u00fati Kolping-h\u00e1zn\u00e1l a Shell benzink\u00fat m\u00f6g\u00f6tt.<\/p>\n<p>Aki az \u00e9teloszt\u00e1sn\u00e1l itt \u00e9s tov\u00e1bbi h\u00e1rom helysz\u00ednen seg\u00edtene, jelentkezzen a sekresty\u00e9ben.<\/p>\n<p>P\u00e9nzbeli t\u00e1mogat\u00e1st nem fogadnak el. Az \u00e9teloszt\u00e1shoz Azonban s\u00fctem\u00e9nnyel, szaloncukorral \u00e9s flakonba t\u00f6lt\u00f6tt te\u00e1val b\u00e1rki hozz\u00e1j\u00e1rulhat. Mindez leadhat\u00f3 szombaton 10:30 \u00e9s 11:30 k\u00f6z\u00f6tt a 6. teremben.<\/p>\n<p>Minden hozz\u00e1j\u00e1rul\u00e1st h\u00e1l\u00e1san k\u00f6sz\u00f6nnek a szervez\u0151k.<\/p>\n<p>5. Az \u00d6r\u00f6m-H\u00edr, egyh\u00e1zmegy\u00e9nk sz\u00ednes tartalm\u00fa \u00e9vk\u00f6nyve kalend\u00e1riummal 2025-re elvihet\u0151 1500 Ft-\u00e9rt az \u00fajs\u00e1gospolcr\u00f3l vagy a pl\u00e9b\u00e1niairod\u00e1b\u00f3l.<\/p>\n<p>6. Egyh\u00e1zk\u00f6zs\u00e9g\u00fcnk kiadv\u00e1ny\u00e1nak, a Debreceni Katolikus Figyel\u0151nek adventre megjelent sz\u00e1ma is elvihet\u0151 az \u00fajs\u00e1gospolcr\u00f3l 200 Ft-\u00e9rt.<\/p>\n<p>7. A j\u00f6v\u0151 \u00e9vre m\u00e1r lehet szentmise-sz\u00e1nd\u00e9kokat el\u0151jegyeztetni a pl\u00e9b\u00e1ni\u00e1n szem\u00e9lyesen vagy telefonon.<\/p>\n<p>8. K\u00f6sz\u00f6netet mondok mindazoknak, akik az adventi tart\u00f3s\u00e9lelmiszer- \u00e9s a melegruha-gy\u0171jt\u00e9sbe m\u00e1r bekapcsol\u00f3dtak.<\/p>\n<p>9. <strong>Zar\u00e1ndoklat a Szentf\u00f6ldre<\/strong> 2026. \u00e1prilis 23. \u00e9s 28. k\u00f6z\u00f6tt Zolt\u00e1n atya lelkivezet\u00e9s\u00e9vel. A r\u00e9szletekr\u0151l \u00e9rdekl\u0151dni lehet n\u00e1la.<\/p>\n<p>Jelentkez\u00e9si hat\u00e1rid\u0151 dec. 31.<\/p>\n","protected":false},"excerpt":{"rendered":"<p>HIRDET\u00c9SEINK ADVENT 3. \u2013 GAUDETE \u2013 VAS\u00c1RNAP (dec. 14.) 1. Ma este f\u00e9l 6-kor \u00fcnnep\u00e9lyes esti dics\u00e9retet \u00e9nekl\u00fcnk. 19:00-t\u00f3l pedig a Debreceni Egyetem Zenem\u0171v\u00e9szeti Kara orgonatanszakos n\u00f6vend\u00e9keinek adventi koncertj\u00e9n vehet\u00fcnk r\u00e9szt. 2. H\u00e9tf\u0151t\u0151l h\u00e9tk\u00f6znaponk\u00e9nt a ror\u00e1te mise ut\u00e1n, 06:45-t\u0151l v\u00e9gezz\u00fck a Szent Csal\u00e1d-j\u00e1r\u00e1s kilencedet a templomban. 3. P\u00e9nteken reggel f\u00e9l 9-t\u0151l \u00e1ll\u00edtjuk be a feny\u0151f\u00e1t &hellip; <a href=\"https:\/\/szentannaplebania.dnyem.hu\/?p=2571\" class=\"more-link\"><span class=\"screen-reader-text\">13 December, 2025 21:47<\/span> r\u00e9szletei&#8230;<\/a><\/p>\n","protected":false},"author":2,"featured_media":0,"comment_status":"closed","ping_status":"open","sticky":false,"template":"","format":"standard","meta":{"_jetpack_memberships_contains_paid_content":false,"footnotes":""},"categories":[15],"tags":[],"class_list":["post-2571","post","type-post","status-publish","format-standard","hentry","category-hirdetesek"],"jetpack_featured_media_url":"","jetpack_shortlink":"https:\/\/wp.me\/p9doK4-Ft","jetpack_sharing_enabled":true,"_links":{"self":[{"href":"https:\/\/szentannaplebania.dnyem.hu\/index.php?rest_route=\/wp\/v2\/posts\/2571","targetHints":{"allow":["GET"]}}],"collection":[{"href":"https:\/\/szentannaplebania.dnyem.hu\/index.php?rest_route=\/wp\/v2\/posts"}],"about":[{"href":"https:\/\/szentannaplebania.dnyem.hu\/index.php?rest_route=\/wp\/v2\/types\/post"}],"author":[{"embeddable":true,"href":"https:\/\/szentannaplebania.dnyem.hu\/index.php?rest_route=\/wp\/v2\/users\/2"}],"replies":[{"embeddable":true,"href":"https:\/\/szentannaplebania.dnyem.hu\/index.php?rest_route=%2Fwp%2Fv2%2Fcomments&post=2571"}],"version-history":[{"count":0,"href":"https:\/\/szentannaplebania.dnyem.hu\/index.php?rest_route=\/wp\/v2\/posts\/2571\/revisions"}],"wp:attachment":[{"href":"https:\/\/szentannaplebania.dnyem.hu\/index.php?rest_route=%2Fwp%2Fv2%2Fmedia&parent=2571"}],"wp:term":[{"taxonomy":"category","embeddable":true,"href":"https:\/\/szentannaplebania.dnyem.hu\/index.php?rest_route=%2Fwp%2Fv2%2Fcategories&post=2571"},{"taxonomy":"post_tag","embeddable":true,"href":"https:\/\/szentannaplebania.dnyem.hu\/index.php?rest_route=%2Fwp%2Fv2%2Ftags&post=2571"}],"curies":[{"name":"wp","href":"https:\/\/api.w.org\/{rel}","templated":true}]}}