{"id":2572,"date":"2025-12-21T06:14:58","date_gmt":"2025-12-21T05:14:58","guid":{"rendered":"https:\/\/szentannaplebania.dnyem.hu\/?p=2572"},"modified":"2025-12-21T06:14:58","modified_gmt":"2025-12-21T05:14:58","slug":"21-december-2025-0614","status":"publish","type":"post","link":"https:\/\/szentannaplebania.dnyem.hu\/?p=2572","title":{"rendered":"21 December, 2025 06:14"},"content":{"rendered":"<p><strong>HIRDET\u00c9SEINK ADVENT 4. VAS\u00c1RNAPJ\u00c1N (dec. 21.)<\/strong><\/p>\n<p>1. Keddel bez\u00e1r\u00f3lag folytat\u00f3dik a hajnali szentmise 6 \u00f3r\u00e1t\u00f3l, amelynek v\u00e9g\u00e9n \u00e9nekelj\u00fck az \u00dar angyal\u00e1t. Min\u00e9l t\u00f6bben vegy\u00fcnk rajta r\u00e9szt!<\/p>\n<p>2. K\u00f6sz\u00f6netet mondok mindazoknak, akik a tegnapi \u201eEgy T\u00e1ny\u00e9r Szeretet\u201d mott\u00f3val hirdetett \u00e9teloszt\u00e1st n\u00e9gy helyen megszervezt\u00e9k, \u00e9s hozz\u00e1j\u00e1rultak s\u00fctem\u00e9nnyel, te\u00e1val \u00e9s szaloncukorral.<\/p>\n<p>3. <strong>Gy\u00f3ntat\u00e1si \u00fcgyelet<\/strong> lesz kar\u00e1csony el\u0151tt sz\u00e9kesegyh\u00e1zunkban h\u00e9tf\u0151n (dec. 22.) 16:00-19:00-ig; kedden (dec. 23.) 16:00-18:00-ig \u00e9s szerd\u00e1n (dec. 24.) 8:00-12:00-ig.<\/p>\n<p>4. Az adventi koszor\u00fa el\u0151tt \u00e9g a betlehemi Sz\u00fclet\u00e9s-bazilik\u00e1b\u00f3l elhozott b\u00e9kel\u00e1ng. Ezt a betlehemi l\u00e1ngot alkalmas m\u00e9csessel otthonukba vihetik a Kedves Testv\u00e9rek. M\u00e9cses\u00fck meggy\u00fajt\u00e1s\u00e1ra szolg\u00e1l egy gyufasz\u00e1l. A betlehemi l\u00e1ngr\u00f3l szenteste \u2014 l\u00e1that\u00f3 hitvall\u00e1sk\u00e9nt \u2014 meggy\u00fajthat\u00f3k a kar\u00e1csonyi gyerty\u00e1k.<\/p>\n<p>5. <strong>H\u00e9tf\u0151n<\/strong> 8 \u00f3r\u00e1t\u00f3l \u00e1ll\u00edtjuk be a betlehemet a F\u00e1jdalmas Anya-k\u00e1poln\u00e1ban.<\/p>\n<p>6. <strong>Kedden d\u00e9lut\u00e1nt\u00f3l cs\u00fct\u00f6rt\u00f6k reggelig<\/strong> a Szt. J\u00f3zsef Gimn\u00e1zium el\u0151tti teljes parkol\u00f3s\u00e1vot lefoglalja a DUNA TV, amely t\u0151l\u00fcnk fogja k\u00f6zvet\u00edteni \u00e9l\u0151ben az \u00e9jf\u00e9li szentmis\u00e9t.<\/p>\n<p>7. <strong>Szerd\u00e1n<\/strong> reggel nem tartunk szentmis\u00e9ket. 15:30-kor hittanos gyermekeink p\u00e1sztorj\u00e1t\u00e9kot adnak el\u0151.Ut\u00e1na 16 \u00f3rakor kezd\u0151dik Urunk sz\u00fclet\u00e9s\u00e9nek vig\u00edliai (el\u0151esti) szentmis\u00e9je. 17 \u00f3r\u00e1t\u00f3l 23 \u00f3r\u00e1ig templomunk Z\u00c1RVA LESZ. 23 \u00f3rakor nyitjuk ki a sz\u00e9kesegyh\u00e1zat, \u00e9s kezdj\u00fck az \u00e9jf\u00e9li szentmis\u00e9ig tart\u00f3 orgon\u00e1s-\u00e9nekes-irodalmi \u00e1h\u00edtatot.<\/p>\n<p>8. <strong>Cs\u00fct\u00f6rt\u00f6k\u00f6n URUNK SZ\u00dcLET\u00c9S\u00c9NEK F\u0150\u00dcNNEPE, kar\u00e1csony els\u0151 napja. <\/strong>\u00c9jf\u00e9lkor (00:00) kezd\u0151dik a p\u00fcsp\u00f6ki szentmise; vas\u00e1rnapi miserendet tartunk.<\/p>\n<p>Kar\u00e1csony eg\u00e9sz napi perselygy\u0171jt\u00e9s\u00e9t a papnevel\u00e9sre tov\u00e1bb\u00edtjuk. \u00c9rezz\u00fck \u00e1t a korszer\u0171 papnevel\u00e9s fontoss\u00e1g\u00e1t! Ennek ismeret\u00e9ben helyezz\u00e9k adom\u00e1nyaikat a perselybe.<\/p>\n<p>9. <strong>P\u00e9nteken<\/strong>, kar\u00e1csony 2. napj\u00e1n, Szent Istv\u00e1n els\u0151 v\u00e9rtan\u00fa \u00fcnnep\u00e9n vas\u00e1rnapi miserend lesz.<\/p>\n<p>10. <strong>Szombaton<\/strong> Szt. J\u00e1nos apostol \u00e9s evang\u00e9lista \u00fcnnepe lesz.<\/p>\n<p>11. <strong>Vas\u00e1rnap,<\/strong> Szent Csal\u00e1d \u2013 J\u00e9zus, M\u00e1ria \u00e9s J\u00f3zsef \u2013 \u00fcnnep\u00e9n (dec. 28-\u00e1n) a csal\u00e1dok meg\u00e1ld\u00e1sa lesz minden szentmise ut\u00e1n.<\/p>\n<p>12. Megannyi sz\u00edvtelens\u00e9gt\u0151l \u00e9s h\u00e1bor\u00fat\u00f3l megterhelt korunkban vigasztal\u00f3 \u00e9s rem\u00e9nykelt\u0151 hat\u00e1sa van annak az egykoron betlehemi \u00e9jszak\u00e1n elhangzott \u00f6r\u00f6mh\u00edrnek, hogy <strong>\u201eMA SZ\u00dcLETETT NEKTEK AZ \u00dcDV\u00d6Z\u00cdT\u0150, AZ \u00daR KRISZTUS.\u201d<\/strong><\/p>\n<p>Minden hozz\u00e1nk tartoz\u00f3 \u00e9s ide bet\u00e9r\u0151 Kedves Testv\u00e9r\u00fcnket a Kisded J\u00e9zus \u00f6rvendeztesse meg sz\u00fclet\u00e9s\u00e9nek szent \u00fcnnep\u00e9vel!<\/p>\n","protected":false},"excerpt":{"rendered":"<p>HIRDET\u00c9SEINK ADVENT 4. VAS\u00c1RNAPJ\u00c1N (dec. 21.) 1. Keddel bez\u00e1r\u00f3lag folytat\u00f3dik a hajnali szentmise 6 \u00f3r\u00e1t\u00f3l, amelynek v\u00e9g\u00e9n \u00e9nekelj\u00fck az \u00dar angyal\u00e1t. Min\u00e9l t\u00f6bben vegy\u00fcnk rajta r\u00e9szt! 2. K\u00f6sz\u00f6netet mondok mindazoknak, akik a tegnapi \u201eEgy T\u00e1ny\u00e9r Szeretet\u201d mott\u00f3val hirdetett \u00e9teloszt\u00e1st n\u00e9gy helyen megszervezt\u00e9k, \u00e9s hozz\u00e1j\u00e1rultak s\u00fctem\u00e9nnyel, te\u00e1val \u00e9s szaloncukorral. 3. Gy\u00f3ntat\u00e1si \u00fcgyelet lesz kar\u00e1csony el\u0151tt sz\u00e9kesegyh\u00e1zunkban &hellip; <a href=\"https:\/\/szentannaplebania.dnyem.hu\/?p=2572\" class=\"more-link\"><span class=\"screen-reader-text\">21 December, 2025 06:14<\/span> r\u00e9szletei&#8230;<\/a><\/p>\n","protected":false},"author":2,"featured_media":0,"comment_status":"closed","ping_status":"open","sticky":false,"template":"","format":"standard","meta":{"_jetpack_memberships_contains_paid_content":false,"footnotes":""},"categories":[15],"tags":[],"class_list":["post-2572","post","type-post","status-publish","format-standard","hentry","category-hirdetesek"],"jetpack_featured_media_url":"","jetpack_shortlink":"https:\/\/wp.me\/p9doK4-Fu","jetpack_sharing_enabled":true,"_links":{"self":[{"href":"https:\/\/szentannaplebania.dnyem.hu\/index.php?rest_route=\/wp\/v2\/posts\/2572","targetHints":{"allow":["GET"]}}],"collection":[{"href":"https:\/\/szentannaplebania.dnyem.hu\/index.php?rest_route=\/wp\/v2\/posts"}],"about":[{"href":"https:\/\/szentannaplebania.dnyem.hu\/index.php?rest_route=\/wp\/v2\/types\/post"}],"author":[{"embeddable":true,"href":"https:\/\/szentannaplebania.dnyem.hu\/index.php?rest_route=\/wp\/v2\/users\/2"}],"replies":[{"embeddable":true,"href":"https:\/\/szentannaplebania.dnyem.hu\/index.php?rest_route=%2Fwp%2Fv2%2Fcomments&post=2572"}],"version-history":[{"count":0,"href":"https:\/\/szentannaplebania.dnyem.hu\/index.php?rest_route=\/wp\/v2\/posts\/2572\/revisions"}],"wp:attachment":[{"href":"https:\/\/szentannaplebania.dnyem.hu\/index.php?rest_route=%2Fwp%2Fv2%2Fmedia&parent=2572"}],"wp:term":[{"taxonomy":"category","embeddable":true,"href":"https:\/\/szentannaplebania.dnyem.hu\/index.php?rest_route=%2Fwp%2Fv2%2Fcategories&post=2572"},{"taxonomy":"post_tag","embeddable":true,"href":"https:\/\/szentannaplebania.dnyem.hu\/index.php?rest_route=%2Fwp%2Fv2%2Ftags&post=2572"}],"curies":[{"name":"wp","href":"https:\/\/api.w.org\/{rel}","templated":true}]}}