{"id":2573,"date":"2025-12-27T20:52:56","date_gmt":"2025-12-27T19:52:56","guid":{"rendered":"https:\/\/szentannaplebania.dnyem.hu\/?p=2573"},"modified":"2025-12-27T20:52:56","modified_gmt":"2025-12-27T19:52:56","slug":"27-december-2025-2052","status":"publish","type":"post","link":"https:\/\/szentannaplebania.dnyem.hu\/?p=2573","title":{"rendered":"27 December, 2025 20:52"},"content":{"rendered":"<h6>HIRDET\u00c9SEK SZENT CSAL\u00c1D \u00dcNNEP\u00c9N (dec. 28.)<\/h6>\n<p><strong>1. Ma<\/strong> a csal\u00e1dok meg\u00e1ld\u00e1sa lesz minden szentmise ut\u00e1n.<\/p>\n<p><strong>2. Szerd\u00e1n <\/strong>18 \u00f3rakor p\u00fcsp\u00f6ki szentmis\u00e9ben tartjuk az \u00e9v v\u00e9gi h\u00e1laad\u00e1st.<\/p>\n<p>Teljes b\u00facs\u00fat nyerhet ezen a napon az a h\u00edv\u0151, aki megfelel\u0151 lelk\u00fclettel r\u00e9szt vesz a Te Deum \u00fcnnep\u00e9lyes \u00e9nekl\u00e9s\u00e9n vagy elim\u00e1dkoz\u00e1s\u00e1n h\u00e1laad\u00e1sul az \u00f3esztend\u0151ben kapott j\u00f3t\u00e9tem\u00e9nyek\u00e9rt.<\/p>\n<p><strong>3. Cs\u00fct\u00f6rt\u00f6k\u00f6n, 2026. jan. 1-j\u00e9n<\/strong>, Sz\u0171z M\u00e1ria, Isten Anyja parancsolt f\u0151\u00fcnnep\u00e9n, a B\u00e9ke Vil\u00e1gnapj\u00e1n \u00e9s a polg\u00e1ri \u00daj \u00c9v els\u0151 napj\u00e1n <strong>vas\u00e1rnapi miserend<\/strong>et tartunk.<\/p>\n<p>17 \u00f3r\u00e1t\u00f3l kezd\u0151dik az ima\u00f3ra papi hivat\u00e1sok\u00e9rt.<\/p>\n<p><strong>4. Els\u0151p\u00e9nteken<\/strong>, a J\u00e9zus Sz\u00edve-tisztelet napj\u00e1n, 17:30-kor \u00e9nekelj\u00fck a J\u00e9zus sz\u00edve lit\u00e1ni\u00e1t.<\/p>\n<p><strong>5. Eml\u00e9knapok e h\u00e9ten: p\u00e9nteken <\/strong>Nagy Szent Vazul \u00e9s Nazianzi Szent Gergely, p\u00fcsp\u00f6k\u00f6k \u00e9s egyh\u00e1ztan\u00edt\u00f3k eml\u00e9knapja \u00e9s <strong>szombaton<\/strong> J\u00e9zus Szent Nev\u00e9nek eml\u00e9knapja lesz.<\/p>\n<p><strong>6. <\/strong>H\u00e1l\u00e1san k\u00f6sz\u00f6n\u00f6m minden Kedves Testv\u00e9r\u00fcnk 2025. \u00e9vi im\u00e1j\u00e1t, katolikus tan\u00fas\u00e1gt\u00e9tel\u00fck m\u00faltra alapozott \u00e9s j\u00f6v\u0151be mutat vonz\u00f3 p\u00e9ldaad\u00e1s\u00e1t, \u00f6nk\u00e9ntes munk\u00e1j\u00e1t hit\u00e9leti programjainak szervez\u00e9s\u00e9ben \u00e9s lebonyol\u00edt\u00e1s\u00e1ban, valamint \u00e1ldozatos anyagi t\u00e1mogat\u00e1s\u00e1t.<\/p>\n<p>Megk\u00f6sz\u00f6n\u00f6m<\/p>\n<p>\u2014 a p\u00fcsp\u00f6k atya \u00e9s a sz\u00e9kesegyh\u00e1zunkban szolg\u00e1l\u00f3 paptestv\u00e9rek,<\/p>\n<p>\u2014 a k\u00e1ntor \u00far, a sekresty\u00e9s \u00far \u00e9s helyetteseik \u00e1ldozatos munk\u00e1j\u00e1t;<\/p>\n<p>\u2014 az akolitusok, a ministr\u00e1nsok \u00e9s a gregori\u00e1n szk\u00f3la odaad\u00f3 helyt\u00e1ll\u00e1s\u00e1t;<\/p>\n<p>\u2014 a hitoktat\u00f3k \u2014 tan\u00f3r\u00e1kon k\u00edv\u00fcl is \u2014 lelkes t\u00f6r\u0151d\u00e9s\u00e9t gyermekeinkkel a sz\u00e1mukra szervezett programokon<\/p>\n<p>\u2014 valamint a k\u00e9pvisel\u0151test\u00fclet tervez\u0151 \u00e9s probl\u00e9mamegold\u00e1st keres\u0151 seg\u00edts\u00e9gny\u00fajt\u00e1s\u00e1t;<\/p>\n<p>A Szentl\u00e9lekt\u0151l kapott karizm\u00e1inkkal az \u00faj esztend\u0151ben is elk\u00f6telezetten \u00e9s n\u00f6vekv\u0151 lelkesed\u00e9ssel akarjuk el\u0151mozd\u00edtani \u2014 gondolattal, sz\u00f3val \u00e9s cselekedettel \u2014 egyh\u00e1zk\u00f6zs\u00e9g\u00fcnk gyarapod\u00e1s\u00e1t minden j\u00f3ban.<\/p>\n<p>Mindenkire sz\u00fcks\u00e9g van. Min\u00e9l elk\u00f6telezettebben alkotunk egyh\u00e1zat egym\u00e1ssal, ann\u00e1l ink\u00e1bb vesz\u00edt erej\u00e9b\u0151l a gonosz, amely lelkesed\u00e9slohaszt\u00f3 \u00e9s rezign\u00e1ci\u00f3terjeszt\u0151 \u00fcgyesked\u00e9seivel akarja b\u00e9n\u00edtani \u00e9let\u00fcnket. Ez\u00e9rt ne legy\u00fcnk csak szeml\u00e9l\u0151i egyh\u00e1zunk \u00e9let\u00e9nek, hanem k\u00fcldet\u00e9s\u00e9nek teljes\u00edt\u00e9s\u00e9b\u0151l r\u00e9sztv\u00e1llal\u00f3, \u00f6ntudatos \u00e9s cselekv\u0151 harcosai. Hozz\u00e1\u00e1ll\u00e1sunkat egyh\u00e1zunk \u00e9let\u00e9hez hat\u00e1rozza meg Szt. P\u00e1l apostol k\u00e9r\u00e9se: <em>\u201eLegyetek teh\u00e1t \u00e1llhatatosak \u00e9s kitart\u00f3k, szeretett testv\u00e9reim! Tegyetek mindig min\u00e9l t\u00f6bbet az \u00dar \u00fcgy\u00e9\u00e9rt, hiszen tudj\u00e1tok, hogy az \u00dar \u00fcgy\u00e9ben val\u00f3 f\u00e1radoz\u00e1sotok nem hi\u00e1baval\u00f3\u201d<\/em> (1Kor 15,58).<\/p>\n","protected":false},"excerpt":{"rendered":"<p>HIRDET\u00c9SEK SZENT CSAL\u00c1D \u00dcNNEP\u00c9N (dec. 28.) 1. Ma a csal\u00e1dok meg\u00e1ld\u00e1sa lesz minden szentmise ut\u00e1n. 2. Szerd\u00e1n 18 \u00f3rakor p\u00fcsp\u00f6ki szentmis\u00e9ben tartjuk az \u00e9v v\u00e9gi h\u00e1laad\u00e1st. Teljes b\u00facs\u00fat nyerhet ezen a napon az a h\u00edv\u0151, aki megfelel\u0151 lelk\u00fclettel r\u00e9szt vesz a Te Deum \u00fcnnep\u00e9lyes \u00e9nekl\u00e9s\u00e9n vagy elim\u00e1dkoz\u00e1s\u00e1n h\u00e1laad\u00e1sul az \u00f3esztend\u0151ben kapott j\u00f3t\u00e9tem\u00e9nyek\u00e9rt. 3. Cs\u00fct\u00f6rt\u00f6k\u00f6n, 2026. &hellip; <a href=\"https:\/\/szentannaplebania.dnyem.hu\/?p=2573\" class=\"more-link\"><span class=\"screen-reader-text\">27 December, 2025 20:52<\/span> r\u00e9szletei&#8230;<\/a><\/p>\n","protected":false},"author":2,"featured_media":0,"comment_status":"closed","ping_status":"open","sticky":false,"template":"","format":"standard","meta":{"_jetpack_memberships_contains_paid_content":false,"footnotes":""},"categories":[15],"tags":[],"class_list":["post-2573","post","type-post","status-publish","format-standard","hentry","category-hirdetesek"],"jetpack_featured_media_url":"","jetpack_shortlink":"https:\/\/wp.me\/p9doK4-Fv","jetpack_sharing_enabled":true,"_links":{"self":[{"href":"https:\/\/szentannaplebania.dnyem.hu\/index.php?rest_route=\/wp\/v2\/posts\/2573","targetHints":{"allow":["GET"]}}],"collection":[{"href":"https:\/\/szentannaplebania.dnyem.hu\/index.php?rest_route=\/wp\/v2\/posts"}],"about":[{"href":"https:\/\/szentannaplebania.dnyem.hu\/index.php?rest_route=\/wp\/v2\/types\/post"}],"author":[{"embeddable":true,"href":"https:\/\/szentannaplebania.dnyem.hu\/index.php?rest_route=\/wp\/v2\/users\/2"}],"replies":[{"embeddable":true,"href":"https:\/\/szentannaplebania.dnyem.hu\/index.php?rest_route=%2Fwp%2Fv2%2Fcomments&post=2573"}],"version-history":[{"count":0,"href":"https:\/\/szentannaplebania.dnyem.hu\/index.php?rest_route=\/wp\/v2\/posts\/2573\/revisions"}],"wp:attachment":[{"href":"https:\/\/szentannaplebania.dnyem.hu\/index.php?rest_route=%2Fwp%2Fv2%2Fmedia&parent=2573"}],"wp:term":[{"taxonomy":"category","embeddable":true,"href":"https:\/\/szentannaplebania.dnyem.hu\/index.php?rest_route=%2Fwp%2Fv2%2Fcategories&post=2573"},{"taxonomy":"post_tag","embeddable":true,"href":"https:\/\/szentannaplebania.dnyem.hu\/index.php?rest_route=%2Fwp%2Fv2%2Ftags&post=2573"}],"curies":[{"name":"wp","href":"https:\/\/api.w.org\/{rel}","templated":true}]}}