{"id":2574,"date":"2026-01-04T11:13:27","date_gmt":"2026-01-04T10:13:27","guid":{"rendered":"https:\/\/szentannaplebania.dnyem.hu\/?p=2574"},"modified":"2026-01-04T11:13:27","modified_gmt":"2026-01-04T10:13:27","slug":"4-january-2026-1113","status":"publish","type":"post","link":"https:\/\/szentannaplebania.dnyem.hu\/?p=2574","title":{"rendered":"4 January, 2026 11:13"},"content":{"rendered":"<h6>HIRDET\u00c9SEK A KAR\u00c1CSONY UT\u00c1NI 2. VAS\u00c1RNAP (jan. 4.)<\/h6>\n<p><a>1. Le\u00f3 p\u00e1pa janu\u00e1ri imasz\u00e1nd\u00e9ka: Im\u00e1dkozzunk, hogy az Isten szav\u00e1val folytatott ima t\u00e1pl\u00e1lja \u00e9let\u00fcnket, fakadjon bel\u0151le rem\u00e9ny k\u00f6z\u00f6ss\u00e9geinkben, \u00e9s seg\u00edtsen, hogy fel\u00e9p\u00edthess\u00fcnk egy testv\u00e9riesebb \u00e9s misszion\u00e1rius egyh\u00e1zat.<\/a><\/p>\n<p>2. A Szent L\u00e1szl\u00f3 Imasz\u00f6vets\u00e9g janu\u00e1ri r\u00f3zsaf\u00fcz\u00e9rtitka: J\u00e9zus, aki \u00e9rt\u00fcnk a keresztet hordozta. Ne f\u00e1radjunk bele im\u00e1dkozni papi \u00e9s szerzetesi hivat\u00e1sok\u00e9rt!<\/p>\n<p>3. <strong>Kedden, janu\u00e1r 6-\u00e1n<\/strong> URUNK MEGJELEN\u00c9SE. V\u00edzkereszt parancsolt f\u0151\u00fcnnep\u00e9n szentmis\u00e9n vehet\u00fcnk r\u00e9szt <strong>7, 8, 10, 12 \u00e9s 18 \u00f3rakor.<\/strong><\/p>\n<p>Egyh\u00e1zmegy\u00e9nkben a 27. rendes szent\u00e9vet p\u00fcsp\u00f6k atya ezen a napon a 10 \u00f3r\u00e1t\u00f3l kezd\u0151d\u0151 szentmis\u00e9ben fogja bez\u00e1rni. Erre szeretettel h\u00edvja a kedves h\u00edveket, hogy k\u00f6z\u00f6sen adjunk h\u00e1l\u00e1t az\u00e9rt, hogy hozz\u00e1j\u00e1rulhattunk \u00e9s tov\u00e1bbra is akarunk hozz\u00e1j\u00e1rulni ahhoz, hogy \u201ejusson el a kereszt\u00e9ny rem\u00e9ny f\u00e9nye minden emberhez mint Isten szeretet\u00e9nek mindenkihez sz\u00f3l\u00f3 \u00fczenete. \u00c9s legyen az Egyh\u00e1z h\u0171s\u00e9ges tan\u00faja ennek az \u00fczenetnek a vil\u00e1g minden t\u00e1j\u00e1n!\u201d (Spes non confundit, 6).<\/p>\n<p>4. \u00c9rt\u00e9kes \u00e9s hitvall\u00f3 hagyom\u00e1ny a h\u00e1zszentel\u00e9s. H\u00e1zszentel\u00e9st lehet k\u00e9rni a lelkiaty\u00e1kt\u00f3l vagy a pl\u00e9b\u00e1niairod\u00e1n a n\u00e9v \u00e9s telefonsz\u00e1m megad\u00e1s\u00e1val, hogy egyeztetni tudjunk, mikor lenne a legmegfelel\u0151bb.<\/p>\n<p>5. <strong>Szerd\u00e1n <\/strong>3\/4 5-t\u0151l az 5. teremben tartjuk a M\u00e1ria \u00e9s M\u00e1rta n\u0151i imak\u00f6rt az egyed\u00fcl\u00e1ll\u00f3 n\u0151knek \u00e9s asszonyoknak (\u00e9desany\u00e1knak \u00e9s nagymam\u00e1knak).<\/p>\n<p>6. <strong>Cs\u00fct\u00f6rt\u00f6k\u00f6n 8:30-t\u00f3l<\/strong> kezd\u0151dik az Id\u0151sek Akad\u00e9mi\u00e1ja az 5. teremben.<\/p>\n<p>7. A <strong>k\u00f6vetkez\u0151 vas\u00e1rnap<\/strong> URUNK MEGKERESZTELKED\u00c9S\u00c9T \u00fcnnepelj\u00fck.<\/p>\n<p>8. K\u00e9rem azokat a jegyben j\u00e1r\u00f3 fiatalokat, akik ebben az \u00e9vben akarnak sz\u00e9kesegyh\u00e1zunkban h\u00e1zass\u00e1got k\u00f6tni, hogy <strong>miel\u0151bb jelentkezzenek a pl\u00e9b\u00e1ni\u00e1n h\u00e1zass\u00e1gk\u00f6t\u00e9sre<\/strong> f\u00fcggetlen\u00fcl att\u00f3l, hogy polg\u00e1ri h\u00e1zass\u00e1gk\u00f6t\u00e9s\u00fck id\u0151pontja bejegyzett-e, vagy sem.<\/p>\n<p>K\u00e9rem azok seg\u00edts\u00e9g\u00e9t, akik tudnak rokons\u00e1gukban \u00e9s ismer\u0151seik k\u00f6r\u00e9ben h\u00e1zass\u00e1gra k\u00e9sz\u00fcl\u0151 fiatalokr\u00f3l, hogy ezt az inform\u00e1ci\u00f3t hozz\u00e1k tudom\u00e1sukra.<\/p>\n<p>9. <strong>\u00d6kumenikus ifj\u00fas\u00e1gi tal\u00e1lkoz\u00f3<\/strong> lesz jan. 17-\u00e9n 17 \u00f3r\u00e1t\u00f3l a Reform\u00e1tus Koll\u00e9gium d\u00edszterm\u00e9ben, amelyre szeretettel h\u00edvj\u00e1k fiataljainkat.<\/p>\n<table>\n<tr>\n<td><a href=\"https:\/\/www.avast.com\/sig-email?utm_medium=email&amp;utm_source=link&amp;utm_campaign=sig-email&amp;utm_content=webmail\"><img loading=\"lazy\" decoding=\"async\" src=\"https:\/\/s-install.avcdn.net\/ipm\/preview\/icons\/icon-envelope-tick-round-orange-animated-no-repeat-v1.gif\" alt=\"\" width=\"46\" height=\"29\" \/><\/a><\/td>\n<td>V\u00edrusmentes.<a href=\"https:\/\/www.avast.com\/sig-email?utm_medium=email&amp;utm_source=link&amp;utm_campaign=sig-email&amp;utm_content=webmail\">www.avast.com<\/a><\/td>\n<\/tr>\n<\/table>\n","protected":false},"excerpt":{"rendered":"<p>HIRDET\u00c9SEK A KAR\u00c1CSONY UT\u00c1NI 2. VAS\u00c1RNAP (jan. 4.) 1. Le\u00f3 p\u00e1pa janu\u00e1ri imasz\u00e1nd\u00e9ka: Im\u00e1dkozzunk, hogy az Isten szav\u00e1val folytatott ima t\u00e1pl\u00e1lja \u00e9let\u00fcnket, fakadjon bel\u0151le rem\u00e9ny k\u00f6z\u00f6ss\u00e9geinkben, \u00e9s seg\u00edtsen, hogy fel\u00e9p\u00edthess\u00fcnk egy testv\u00e9riesebb \u00e9s misszion\u00e1rius egyh\u00e1zat. 2. A Szent L\u00e1szl\u00f3 Imasz\u00f6vets\u00e9g janu\u00e1ri r\u00f3zsaf\u00fcz\u00e9rtitka: J\u00e9zus, aki \u00e9rt\u00fcnk a keresztet hordozta. Ne f\u00e1radjunk bele im\u00e1dkozni papi \u00e9s szerzetesi &hellip; <a href=\"https:\/\/szentannaplebania.dnyem.hu\/?p=2574\" class=\"more-link\"><span class=\"screen-reader-text\">4 January, 2026 11:13<\/span> r\u00e9szletei&#8230;<\/a><\/p>\n","protected":false},"author":2,"featured_media":0,"comment_status":"closed","ping_status":"open","sticky":false,"template":"","format":"standard","meta":{"_jetpack_memberships_contains_paid_content":false,"footnotes":""},"categories":[15],"tags":[],"class_list":["post-2574","post","type-post","status-publish","format-standard","hentry","category-hirdetesek"],"jetpack_featured_media_url":"","jetpack_shortlink":"https:\/\/wp.me\/p9doK4-Fw","jetpack_sharing_enabled":true,"_links":{"self":[{"href":"https:\/\/szentannaplebania.dnyem.hu\/index.php?rest_route=\/wp\/v2\/posts\/2574","targetHints":{"allow":["GET"]}}],"collection":[{"href":"https:\/\/szentannaplebania.dnyem.hu\/index.php?rest_route=\/wp\/v2\/posts"}],"about":[{"href":"https:\/\/szentannaplebania.dnyem.hu\/index.php?rest_route=\/wp\/v2\/types\/post"}],"author":[{"embeddable":true,"href":"https:\/\/szentannaplebania.dnyem.hu\/index.php?rest_route=\/wp\/v2\/users\/2"}],"replies":[{"embeddable":true,"href":"https:\/\/szentannaplebania.dnyem.hu\/index.php?rest_route=%2Fwp%2Fv2%2Fcomments&post=2574"}],"version-history":[{"count":0,"href":"https:\/\/szentannaplebania.dnyem.hu\/index.php?rest_route=\/wp\/v2\/posts\/2574\/revisions"}],"wp:attachment":[{"href":"https:\/\/szentannaplebania.dnyem.hu\/index.php?rest_route=%2Fwp%2Fv2%2Fmedia&parent=2574"}],"wp:term":[{"taxonomy":"category","embeddable":true,"href":"https:\/\/szentannaplebania.dnyem.hu\/index.php?rest_route=%2Fwp%2Fv2%2Fcategories&post=2574"},{"taxonomy":"post_tag","embeddable":true,"href":"https:\/\/szentannaplebania.dnyem.hu\/index.php?rest_route=%2Fwp%2Fv2%2Ftags&post=2574"}],"curies":[{"name":"wp","href":"https:\/\/api.w.org\/{rel}","templated":true}]}}