{"id":2575,"date":"2026-01-11T19:49:47","date_gmt":"2026-01-11T18:49:47","guid":{"rendered":"https:\/\/szentannaplebania.dnyem.hu\/?p=2575"},"modified":"2026-01-11T19:49:47","modified_gmt":"2026-01-11T18:49:47","slug":"11-january-2026-1949","status":"publish","type":"post","link":"https:\/\/szentannaplebania.dnyem.hu\/?p=2575","title":{"rendered":"11 January, 2026 19:49"},"content":{"rendered":"<p>1. Amai \u00fcnneppel befejez\u0151dik a kar\u00e1csonyi \u00fcnnepk\u00f6r, \u00e9s holnapt\u00f3l megkezd\u0151dik az \u00e9vk\u00f6zi id\u0151 hamvaz\u00f3szerd\u00e1ig, febru\u00e1r 18-ig tart\u00f3 r\u00e9sze.<\/p>\n<p>H\u00e1l\u00e1san k\u00f6sz\u00f6n\u00f6m, hogy sokan seg\u00edtettek a kar\u00e1csonyi id\u0151szak \u00fcnnepeire val\u00f3 felk\u00e9sz\u00fcl\u00e9sben, templomunk takar\u00edt\u00e1s\u00e1ban, a kar\u00e1csonyfa- \u00e9s betlehem\u00e1ll\u00edt\u00e1sban.<\/p>\n<p>2. <strong>H\u00e9tf\u0151n <\/strong>08:30-t\u00f3l kezdj\u00fck a kar\u00e1csonyfa \u00e9s betlehem elbont\u00e1s\u00e1t. Min\u00e9l t\u00f6bben v\u00e1llaljunk r\u00e9szt ebb\u0151l a munk\u00e1b\u00f3l.<\/p>\n<p>3. <strong>Szint\u00e9n h\u00e9tf\u0151n<\/strong>, janu\u00e1r 12-\u00e9n az esti szentmise ut\u00e1n k\u00e9pvisel\u0151test\u00fcleti \u00fcl\u00e9st tartunk az 5. teremben. T\u00e1rgyaljuk a 2025. \u00e9vi z\u00e1rsz\u00e1mad\u00e1st \u00e9s a 2026. \u00e9vi k\u00f6lts\u00e9gvet\u00e9st, amelyet elfogad\u00e1sa ut\u00e1n a h\u00edvek is v\u00e9lem\u00e9nyezhetnek.<\/p>\n<p>4. <strong>Szombaton lesz az \u00f6kumenikus ifj\u00fas\u00e1gi tal\u00e1lkoz\u00f3<\/strong> 17 \u00f3r\u00e1t\u00f3l a Reform\u00e1tus Koll\u00e9gium d\u00edszterm\u00e9ben, amelyre szeretettel h\u00edvj\u00e1k fiataljainkat. Az al\u00e1bbi linken tudnak regisztr\u00e1lni az \u00f6kumenikus ifj\u00fas\u00e1gi tal\u00e1lkoz\u00f3ra a r\u00e9sztvev\u0151k:<\/p>\n<p><a href=\"https:\/\/forms.gle\/JeWE4cvKMgfGqsja9\">https:\/\/forms.gle\/JeWE4cvKMgfGqsja9<\/a><\/p>\n<p>5. <strong>A k\u00f6vetkez\u0151 vas\u00e1rnap<\/strong>, <strong>janu\u00e1r 18-\u00e1n 17 \u00f3rakor<\/strong> kezdet\u00e9t veszi a G\u00f6r\u00f6gkatolikus \u00c9rseki Hivatal d\u00edszterm\u00e9ben (Pet\u0151fi t\u00e9r 8.) az egyetemes imah\u00e9t a Krisztus-h\u00edv\u0151k egys\u00e9g\u00e9\u00e9rt. Az idei vez\u00e9rgondolat: <em>\u201eEgy a test \u00e9s egy a L\u00e9lek, amint hivat\u00e1sotok is egy rem\u00e9nys\u00e9gre sz\u00f3l\u201d <\/em>(Ef 4,4).<\/p>\n<p>A k\u00f6z\u00f6s im\u00e1k mindig 17 \u00f3rakor kezd\u0151dnek, amelyeket a Debrecen Telev\u00edzi\u00f3 \u00e9l\u0151ben k\u00f6zvet\u00edt 17:00-17:55 \u00f3ra k\u00f6z\u00f6tt; beoszt\u00e1suk a hirdet\u0151n olvashat\u00f3.<\/p>\n<p>N\u00e1lunk jan. 21-\u00e9n, szerd\u00e1n, lesz az ima\u00f3ra. Ezen az este nem lesz szentmise.<\/p>\n<p>Az imah\u00e9t perselyadom\u00e1ny\u00e1t a k\u00e1rp\u00e1taljai egyh\u00e1zi fenntart\u00e1s\u00fa \u00f3vod\u00e1knak aj\u00e1nljuk fel.<\/p>\n<p>6. Liturgikus eml\u00e9knapok e h\u00e9ten: cs\u00fct\u00f6rt\u00f6k\u00f6n Remete Szt. P\u00e1l\u00e9 \u00e9s szombaton Remete Szt. Antal ap\u00e1t\u00e9.<\/p>\n<p>7. Buzd\u00edtom a testv\u00e9reket a szenteltv\u00edz otthoni haszn\u00e1lat\u00e1ra. A szenteltv\u00edz vihet\u0151 alkalmas \u00fcvegben az Immaculata (Szepl\u0151telen Fogantat\u00e1s) olt\u00e1r melletti tart\u00f3b\u00f3l.<\/p>\n<p>8. K\u00e9rem azokat a jegyben j\u00e1r\u00f3 fiatalokat, akik ebben az \u00e9vben akarnak sz\u00e9kesegyh\u00e1zunkban h\u00e1zass\u00e1got k\u00f6tni, hogy min\u00e9l el\u0151bb jelentkezzenek a pl\u00e9b\u00e1ni\u00e1n h\u00e1zass\u00e1gk\u00f6t\u00e9sre f\u00fcggetlen\u00fcl att\u00f3l, hogy polg\u00e1ri h\u00e1zass\u00e1gk\u00f6t\u00e9s\u00fck id\u0151pontja bejegyzett-e, vagy sem.<\/p>\n<p>K\u00e9rem ebben azok seg\u00edts\u00e9g\u00e9t, akik tudnak rokons\u00e1gukban \u00e9s ismer\u0151seik k\u00f6r\u00e9ben h\u00e1zass\u00e1gra k\u00e9sz\u00fcl\u0151 fiatalokr\u00f3l, hogy ezt az inform\u00e1ci\u00f3t hozz\u00e1k tudom\u00e1sukra.<\/p>\n<table>\n<tr>\n<td><a href=\"https:\/\/www.avast.com\/sig-email?utm_medium=email&amp;utm_source=link&amp;utm_campaign=sig-email&amp;utm_content=webmail\"><img loading=\"lazy\" decoding=\"async\" src=\"https:\/\/s-install.avcdn.net\/ipm\/preview\/icons\/icon-envelope-tick-round-orange-animated-no-repeat-v1.gif\" alt=\"\" width=\"46\" height=\"29\" \/><\/a><\/td>\n<td>V\u00edrusmentes.<a href=\"https:\/\/www.avast.com\/sig-email?utm_medium=email&amp;utm_source=link&amp;utm_campaign=sig-email&amp;utm_content=webmail\">www.avast.com<\/a><\/td>\n<\/tr>\n<\/table>\n","protected":false},"excerpt":{"rendered":"<p>1. Amai \u00fcnneppel befejez\u0151dik a kar\u00e1csonyi \u00fcnnepk\u00f6r, \u00e9s holnapt\u00f3l megkezd\u0151dik az \u00e9vk\u00f6zi id\u0151 hamvaz\u00f3szerd\u00e1ig, febru\u00e1r 18-ig tart\u00f3 r\u00e9sze. H\u00e1l\u00e1san k\u00f6sz\u00f6n\u00f6m, hogy sokan seg\u00edtettek a kar\u00e1csonyi id\u0151szak \u00fcnnepeire val\u00f3 felk\u00e9sz\u00fcl\u00e9sben, templomunk takar\u00edt\u00e1s\u00e1ban, a kar\u00e1csonyfa- \u00e9s betlehem\u00e1ll\u00edt\u00e1sban. 2. H\u00e9tf\u0151n 08:30-t\u00f3l kezdj\u00fck a kar\u00e1csonyfa \u00e9s betlehem elbont\u00e1s\u00e1t. Min\u00e9l t\u00f6bben v\u00e1llaljunk r\u00e9szt ebb\u0151l a munk\u00e1b\u00f3l. 3. Szint\u00e9n h\u00e9tf\u0151n, janu\u00e1r &hellip; <a href=\"https:\/\/szentannaplebania.dnyem.hu\/?p=2575\" class=\"more-link\"><span class=\"screen-reader-text\">11 January, 2026 19:49<\/span> r\u00e9szletei&#8230;<\/a><\/p>\n","protected":false},"author":2,"featured_media":0,"comment_status":"closed","ping_status":"open","sticky":false,"template":"","format":"standard","meta":{"_jetpack_memberships_contains_paid_content":false,"footnotes":""},"categories":[15],"tags":[],"class_list":["post-2575","post","type-post","status-publish","format-standard","hentry","category-hirdetesek"],"jetpack_featured_media_url":"","jetpack_shortlink":"https:\/\/wp.me\/p9doK4-Fx","jetpack_sharing_enabled":true,"_links":{"self":[{"href":"https:\/\/szentannaplebania.dnyem.hu\/index.php?rest_route=\/wp\/v2\/posts\/2575","targetHints":{"allow":["GET"]}}],"collection":[{"href":"https:\/\/szentannaplebania.dnyem.hu\/index.php?rest_route=\/wp\/v2\/posts"}],"about":[{"href":"https:\/\/szentannaplebania.dnyem.hu\/index.php?rest_route=\/wp\/v2\/types\/post"}],"author":[{"embeddable":true,"href":"https:\/\/szentannaplebania.dnyem.hu\/index.php?rest_route=\/wp\/v2\/users\/2"}],"replies":[{"embeddable":true,"href":"https:\/\/szentannaplebania.dnyem.hu\/index.php?rest_route=%2Fwp%2Fv2%2Fcomments&post=2575"}],"version-history":[{"count":0,"href":"https:\/\/szentannaplebania.dnyem.hu\/index.php?rest_route=\/wp\/v2\/posts\/2575\/revisions"}],"wp:attachment":[{"href":"https:\/\/szentannaplebania.dnyem.hu\/index.php?rest_route=%2Fwp%2Fv2%2Fmedia&parent=2575"}],"wp:term":[{"taxonomy":"category","embeddable":true,"href":"https:\/\/szentannaplebania.dnyem.hu\/index.php?rest_route=%2Fwp%2Fv2%2Fcategories&post=2575"},{"taxonomy":"post_tag","embeddable":true,"href":"https:\/\/szentannaplebania.dnyem.hu\/index.php?rest_route=%2Fwp%2Fv2%2Ftags&post=2575"}],"curies":[{"name":"wp","href":"https:\/\/api.w.org\/{rel}","templated":true}]}}