{"id":2576,"date":"2026-01-18T10:58:01","date_gmt":"2026-01-18T09:58:01","guid":{"rendered":"https:\/\/szentannaplebania.dnyem.hu\/?p=2576"},"modified":"2026-01-18T10:58:01","modified_gmt":"2026-01-18T09:58:01","slug":"18-january-2026-1058","status":"publish","type":"post","link":"https:\/\/szentannaplebania.dnyem.hu\/?p=2576","title":{"rendered":"18 January, 2026 10:58"},"content":{"rendered":"<p><a><strong>HIRDET\u00c9SEK AZ \u00c9VK\u00d6ZI 2. VAS\u00c1RNAP (JAN. 18.)<\/strong><\/a><\/p>\n<p>1. Ma <strong>17 \u00f3rakor<\/strong> kezdet\u00e9t veszi a G\u00f6r\u00f6gkatolikus \u00c9rseki Hivatal d\u00edszterm\u00e9ben (Pet\u0151fi t\u00e9r 8.) az egyetemes imah\u00e9t a Krisztus-h\u00edv\u0151k egys\u00e9g\u00e9\u00e9rt. Az idei vez\u00e9rgondolat: <em>\u201eEgy a test \u00e9s egy a L\u00e9lek, amint hivat\u00e1sotok is egy rem\u00e9nys\u00e9gre sz\u00f3l\u201d <\/em>(Ef 4,4).<\/p>\n<p>A k\u00f6z\u00f6s im\u00e1k mindig 17 \u00f3rakor kezd\u0151dnek, amelyeket a Debrecen Telev\u00edzi\u00f3 \u00e9l\u0151ben k\u00f6zvet\u00edt 17:00-17:55 \u00f3ra k\u00f6z\u00f6tt; beoszt\u00e1suk a hirdet\u0151n olvashat\u00f3.<\/p>\n<p>N\u00e1lunk jan. 21-\u00e9n, szerd\u00e1n, lesz az ima\u00f3ra. Ezen az este nem lesz szentmise.<\/p>\n<p>Az imah\u00e9t perselyadom\u00e1ny\u00e1t a k\u00e1rp\u00e1taljai egyh\u00e1zi fenntart\u00e1s\u00fa \u00f3vod\u00e1knak aj\u00e1nljuk fel.<\/p>\n<p>2. <strong>Szerd\u00e1n<\/strong> d\u00e9lut\u00e1n 3\/4 5-t\u0151l az 5. teremben folytat\u00f3dik a M\u00e1ria \u00e9s M\u00e1rta n\u0151i imak\u00f6r az egyed\u00fcl\u00e1ll\u00f3 n\u0151knek \u00e9s asszonyoknak (\u00e9desany\u00e1knak \u00e9s nagymam\u00e1knak).<\/p>\n<p>3. <strong>Cs\u00fct\u00f6rt\u00f6k\u00f6n 8:30-t\u00f3l<\/strong> kezd\u0151dik az Id\u0151sek Akad\u00e9mi\u00e1ja az 5. teremben.<\/p>\n<p>4. <strong>Szombaton<\/strong> 10 \u00f3r\u00e1t\u00f3l lesz az els\u0151\u00e1ldoz\u00e1sra k\u00e9sz\u00fcl\u0151k \u00f6sszevont hittan\u00f3r\u00e1ja a templomban. J\u00f6jjenek a jel\u00f6ltek!<\/p>\n<p>5. Liturgikus eml\u00e9knapok \u00e9s \u00fcnnepek e h\u00e9ten: szerd\u00e1n Szt. \u00c1gnes sz\u0171z \u00e9s v\u00e9rtan\u00fa, cs\u00fct\u00f6rt\u00f6k\u00f6n Boldog Batthy\u00e1ny-Strattmann L\u00e1szl\u00f3 \u00e9s szombaton Szal\u00e9zi Szent Ferenc p\u00fcsp\u00f6k \u00e9s egyh\u00e1ztan\u00edt\u00f3 eml\u00e9knapja lesz.<\/p>\n<p>6. <strong>M\u00e1hoz egy h\u00e9tre<\/strong> tartjuk Isten ig\u00e9j\u00e9nek vas\u00e1rnapj\u00e1t. Ezen a napon a f\u00e9l 12-es szentmis\u00e9n \u00e9nekelni fog a Dal\u00e1rda.<\/p>\n<p>7. Egyh\u00e1zk\u00f6zs\u00e9g\u00fcnk k\u00e9pvisel\u0151test\u00fclete elfogadta a 2025. \u00e9vi z\u00e1rsz\u00e1mad\u00e1st \u00e9s j\u00f3v\u00e1hagyta 2026. \u00e9vi k\u00f6lts\u00e9gvet\u00e9st, amelyet az \u00e9rdekl\u0151d\u0151k munkanapokon megtekinthetnek a pl\u00e9b\u00e1niairod\u00e1ban.<\/p>\n<p>8. Buzd\u00edtom a testv\u00e9reket a szenteltv\u00edz otthoni haszn\u00e1lat\u00e1ra. A szenteltv\u00edz vihet\u0151 alkalmas \u00fcvegben az Immaculata (Szepl\u0151telen Fogantat\u00e1s) olt\u00e1r melletti tart\u00f3b\u00f3l.<\/p>\n<p>9. <strong>Zar\u00e1ndoklat a Szentf\u00f6ldre<\/strong> 2026. \u00e1prilis 23. \u00e9s 28. k\u00f6z\u00f6tt Zolt\u00e1n atya lelkivezet\u00e9s\u00e9vel. A r\u00e9szletekr\u0151l \u00e9rdekl\u0151dni \u00e9s jelentkezni n\u00e1la lehet.<\/p>\n<table>\n<tr>\n<td><a href=\"https:\/\/www.avast.com\/sig-email?utm_medium=email&amp;utm_source=link&amp;utm_campaign=sig-email&amp;utm_content=webmail\"><img loading=\"lazy\" decoding=\"async\" src=\"https:\/\/s-install.avcdn.net\/ipm\/preview\/icons\/icon-envelope-tick-round-orange-animated-no-repeat-v1.gif\" alt=\"\" width=\"46\" height=\"29\" \/><\/a><\/td>\n<td>V\u00edrusmentes.<a href=\"https:\/\/www.avast.com\/sig-email?utm_medium=email&amp;utm_source=link&amp;utm_campaign=sig-email&amp;utm_content=webmail\">www.avast.com<\/a><\/td>\n<\/tr>\n<\/table>\n","protected":false},"excerpt":{"rendered":"<p>HIRDET\u00c9SEK AZ \u00c9VK\u00d6ZI 2. VAS\u00c1RNAP (JAN. 18.) 1. Ma 17 \u00f3rakor kezdet\u00e9t veszi a G\u00f6r\u00f6gkatolikus \u00c9rseki Hivatal d\u00edszterm\u00e9ben (Pet\u0151fi t\u00e9r 8.) az egyetemes imah\u00e9t a Krisztus-h\u00edv\u0151k egys\u00e9g\u00e9\u00e9rt. Az idei vez\u00e9rgondolat: \u201eEgy a test \u00e9s egy a L\u00e9lek, amint hivat\u00e1sotok is egy rem\u00e9nys\u00e9gre sz\u00f3l\u201d (Ef 4,4). A k\u00f6z\u00f6s im\u00e1k mindig 17 \u00f3rakor kezd\u0151dnek, amelyeket a Debrecen &hellip; <a href=\"https:\/\/szentannaplebania.dnyem.hu\/?p=2576\" class=\"more-link\"><span class=\"screen-reader-text\">18 January, 2026 10:58<\/span> r\u00e9szletei&#8230;<\/a><\/p>\n","protected":false},"author":2,"featured_media":0,"comment_status":"closed","ping_status":"open","sticky":false,"template":"","format":"standard","meta":{"_jetpack_memberships_contains_paid_content":false,"footnotes":""},"categories":[15],"tags":[],"class_list":["post-2576","post","type-post","status-publish","format-standard","hentry","category-hirdetesek"],"jetpack_featured_media_url":"","jetpack_shortlink":"https:\/\/wp.me\/p9doK4-Fy","jetpack_sharing_enabled":true,"_links":{"self":[{"href":"https:\/\/szentannaplebania.dnyem.hu\/index.php?rest_route=\/wp\/v2\/posts\/2576","targetHints":{"allow":["GET"]}}],"collection":[{"href":"https:\/\/szentannaplebania.dnyem.hu\/index.php?rest_route=\/wp\/v2\/posts"}],"about":[{"href":"https:\/\/szentannaplebania.dnyem.hu\/index.php?rest_route=\/wp\/v2\/types\/post"}],"author":[{"embeddable":true,"href":"https:\/\/szentannaplebania.dnyem.hu\/index.php?rest_route=\/wp\/v2\/users\/2"}],"replies":[{"embeddable":true,"href":"https:\/\/szentannaplebania.dnyem.hu\/index.php?rest_route=%2Fwp%2Fv2%2Fcomments&post=2576"}],"version-history":[{"count":0,"href":"https:\/\/szentannaplebania.dnyem.hu\/index.php?rest_route=\/wp\/v2\/posts\/2576\/revisions"}],"wp:attachment":[{"href":"https:\/\/szentannaplebania.dnyem.hu\/index.php?rest_route=%2Fwp%2Fv2%2Fmedia&parent=2576"}],"wp:term":[{"taxonomy":"category","embeddable":true,"href":"https:\/\/szentannaplebania.dnyem.hu\/index.php?rest_route=%2Fwp%2Fv2%2Fcategories&post=2576"},{"taxonomy":"post_tag","embeddable":true,"href":"https:\/\/szentannaplebania.dnyem.hu\/index.php?rest_route=%2Fwp%2Fv2%2Ftags&post=2576"}],"curies":[{"name":"wp","href":"https:\/\/api.w.org\/{rel}","templated":true}]}}