{"id":2577,"date":"2026-01-24T22:02:39","date_gmt":"2026-01-24T21:02:39","guid":{"rendered":"https:\/\/szentannaplebania.dnyem.hu\/?p=2577"},"modified":"2026-01-24T22:02:39","modified_gmt":"2026-01-24T21:02:39","slug":"24-january-2026-2202","status":"publish","type":"post","link":"https:\/\/szentannaplebania.dnyem.hu\/?p=2577","title":{"rendered":"24 January, 2026 22:02"},"content":{"rendered":"<h6>HIRDET\u00c9SEK ISTEN IG\u00c9J\u00c9NEK VAS\u00c1RNAPJ\u00c1N (JAN. 25.)<\/h6>\n<p>1. <strong>Ma<\/strong> v\u00e9get \u00e9r az idei \u00f6kumenikus imah\u00e9t a Krisztus-h\u00edv\u0151k l\u00e1that\u00f3 \u00e9s teljes egys\u00e9g\u00e9\u00e9rt. A mai k\u00f6z\u00f6s ima 17 \u00f3rakor kezd\u0151dik a Reform\u00e1tus Nagytemplomban.<\/p>\n<p>2. <strong>Kedden<\/strong> 18 \u00f3r\u00e1t\u00f3l folytat\u00f3dik a filmklub a Varga utca 3. sz\u00e1m alatti Kateketikai K\u00f6zpontban. Megn\u00e9zz\u00fck a 2019-ben k\u00e9sz\u00fclt <em>\u201eNevek dala\u201d<\/em> c\u00edm\u0171 amerikai filmet, amelyet Robert Lantos rendezett. A filmvet\u00edt\u00e9st besz\u00e9lget\u00e9s k\u00f6veti a l\u00e1tottakr\u00f3l.<\/p>\n<p>3. Liturgikus eml\u00e9knapok e h\u00e9ten: h\u00e9tf\u0151n Szt. Tim\u00f3teus \u00e9s Szt. Titusz p\u00fcsp\u00f6k\u00f6k, szerd\u00e1n Aquin\u00f3i Szt. Tam\u00e1s \u00e1ldoz\u00f3pap \u00e9s egyh\u00e1ztan\u00edt\u00f3, v\u00e9g\u00fcl szombaton Bosco Szent J\u00e1nos \u00e1ldoz\u00f3pap<\/p>\n<p>4. A <strong>febru\u00e1r 8-t\u00f3l 15-ig<\/strong> tart\u00f3 H\u00e1zass\u00e1g Het\u00e9nek k\u00f6zponti gondolata: A h\u0171s\u00e9g szabads\u00e1ga.<\/p>\n<p>Az egyh\u00e1zmegyei programsorozatra lehet jelentkezni a hirdet\u0151n olvashat\u00f3 plak\u00e1ton. A jelentkez\u00e9si \u0171rlapon minden inform\u00e1ci\u00f3 megtal\u00e1lhat\u00f3. <a href=\"https:\/\/docs.google.com\/forms\/d\/e\/1FAIpQLSfsgBJ5kG0ZymfnbL_q0LX9-MSZz_tF8bDZpPho7ArZIF8EzQ\/viewform?usp=header\">https:\/\/docs.google.com\/forms\/d\/e\/1FAIpQLSfsgBJ5kG0ZymfnbL_q0LX9-MSZz_tF8bDZpPho7ArZIF8EzQ\/viewform?usp=header<\/a><\/p>\n<p>5. A H\u00e1zass\u00e1g hete z\u00e1r\u00e1sak\u00e9nt febru\u00e1r 15-\u00e9n Pal\u00e1nki Ferenc p\u00fcsp\u00f6k atya a ny\u00edregyh\u00e1zi Magyarok Nagyasszonya-t\u00e1rssz\u00e9kesegyh\u00e1zban a 16 \u00f3rakor kezd\u0151d\u0151 szentmis\u00e9n \u00e1ldja meg az id\u00e9n kerek \u00e9vfordul\u00f3jukat \u00fcnnepl\u0151 \u00e9s az aranylakodalmukat m\u00e1r meg\u00e9lt h\u00e1zasp\u00e1rokat. Az \u00e1ld\u00e1s\u00e9rt janu\u00e1r 29. cs\u00fct\u00f6rt\u00f6k \u00e9jf\u00e9lig lehet jelentkezni az egyh\u00e1zmegyei honlapon \u00e9s facebook oldalon is megtal\u00e1lhat\u00f3 m\u00f3dokon:<\/p>\n<p>a) vagy elektronikus \u0171rlapon: <a href=\"https:\/\/docs.google.com\/forms\/d\/e\/1FAIpQLSeyoxGY6e_ZqgwP3X-KZHvbAw0u4wQQQeJ_SefeGb6NHyVQvQ\/viewform?usp=header\">https:\/\/docs.google.com\/forms\/d\/e\/1FAIpQLSeyoxGY6e_ZqgwP3X-KZHvbAw0u4wQQQeJ_SefeGb6NHyVQvQ\/viewform?usp=header<\/a><\/p>\n<p>b) vagy emailben a dnyem.csaladpasztoracio c\u00edmen a k\u00f6vetkez\u0151 adatok megad\u00e1s\u00e1val: f\u00e9rj neve, feles\u00e9g f\u00e9rjezett neve \u00e9s le\u00e1nykori neve, h\u00e1zass\u00e1gk\u00f6t\u00e9s helye \u00e9s ideje, jelenlegi pl\u00e9b\u00e1nia \u00e9s pl\u00e9b\u00e1nos, telefonos vagy e-mail el\u00e9rhet\u0151s\u00e9g \u00e9s a h\u00e1zasp\u00e1rral egy\u00fctt \u00e9rkez\u0151 vend\u00e9gek sz\u00e1ma<\/p>\n<p>c) vagy a sekresty\u00e9b\u0151l elvihet\u0151 adatlapon.<\/p>\n<p>6. Eg\u00e9szs\u00e9ges embereket k\u00e9rnek v\u00e9rad\u00e1sra Debrecenben a Bem t\u00e9ren. Jelenleg is t\u00f6bb fiatal \u00e9let\u00e9\u00e9rt k\u00fczdenek a klinik\u00e1n. Gy\u00f3gy\u00edt\u00e1sukhoz rendszeres transzf\u00fazi\u00f3kra van sz\u00fcks\u00e9g. B\u00e1rmilyen v\u00e9rcsoport\u00fa v\u00e9rad\u00f3t k\u00f6sz\u00f6nettel fogadnak.<\/p>\n<table>\n<tr>\n<td><a href=\"https:\/\/www.avast.com\/sig-email?utm_medium=email&amp;utm_source=link&amp;utm_campaign=sig-email&amp;utm_content=webmail\"><img loading=\"lazy\" decoding=\"async\" src=\"https:\/\/s-install.avcdn.net\/ipm\/preview\/icons\/icon-envelope-tick-round-orange-animated-no-repeat-v1.gif\" alt=\"\" width=\"46\" height=\"29\" \/><\/a><\/td>\n<td>V\u00edrusmentes.<a href=\"https:\/\/www.avast.com\/sig-email?utm_medium=email&amp;utm_source=link&amp;utm_campaign=sig-email&amp;utm_content=webmail\">www.avast.com<\/a><\/td>\n<\/tr>\n<\/table>\n","protected":false},"excerpt":{"rendered":"<p>HIRDET\u00c9SEK ISTEN IG\u00c9J\u00c9NEK VAS\u00c1RNAPJ\u00c1N (JAN. 25.) 1. Ma v\u00e9get \u00e9r az idei \u00f6kumenikus imah\u00e9t a Krisztus-h\u00edv\u0151k l\u00e1that\u00f3 \u00e9s teljes egys\u00e9g\u00e9\u00e9rt. A mai k\u00f6z\u00f6s ima 17 \u00f3rakor kezd\u0151dik a Reform\u00e1tus Nagytemplomban. 2. Kedden 18 \u00f3r\u00e1t\u00f3l folytat\u00f3dik a filmklub a Varga utca 3. sz\u00e1m alatti Kateketikai K\u00f6zpontban. Megn\u00e9zz\u00fck a 2019-ben k\u00e9sz\u00fclt \u201eNevek dala\u201d c\u00edm\u0171 amerikai filmet, amelyet &hellip; <a href=\"https:\/\/szentannaplebania.dnyem.hu\/?p=2577\" class=\"more-link\"><span class=\"screen-reader-text\">24 January, 2026 22:02<\/span> r\u00e9szletei&#8230;<\/a><\/p>\n","protected":false},"author":2,"featured_media":0,"comment_status":"closed","ping_status":"open","sticky":false,"template":"","format":"standard","meta":{"_jetpack_memberships_contains_paid_content":false,"footnotes":""},"categories":[15],"tags":[],"class_list":["post-2577","post","type-post","status-publish","format-standard","hentry","category-hirdetesek"],"jetpack_featured_media_url":"","jetpack_shortlink":"https:\/\/wp.me\/p9doK4-Fz","jetpack_sharing_enabled":true,"_links":{"self":[{"href":"https:\/\/szentannaplebania.dnyem.hu\/index.php?rest_route=\/wp\/v2\/posts\/2577","targetHints":{"allow":["GET"]}}],"collection":[{"href":"https:\/\/szentannaplebania.dnyem.hu\/index.php?rest_route=\/wp\/v2\/posts"}],"about":[{"href":"https:\/\/szentannaplebania.dnyem.hu\/index.php?rest_route=\/wp\/v2\/types\/post"}],"author":[{"embeddable":true,"href":"https:\/\/szentannaplebania.dnyem.hu\/index.php?rest_route=\/wp\/v2\/users\/2"}],"replies":[{"embeddable":true,"href":"https:\/\/szentannaplebania.dnyem.hu\/index.php?rest_route=%2Fwp%2Fv2%2Fcomments&post=2577"}],"version-history":[{"count":0,"href":"https:\/\/szentannaplebania.dnyem.hu\/index.php?rest_route=\/wp\/v2\/posts\/2577\/revisions"}],"wp:attachment":[{"href":"https:\/\/szentannaplebania.dnyem.hu\/index.php?rest_route=%2Fwp%2Fv2%2Fmedia&parent=2577"}],"wp:term":[{"taxonomy":"category","embeddable":true,"href":"https:\/\/szentannaplebania.dnyem.hu\/index.php?rest_route=%2Fwp%2Fv2%2Fcategories&post=2577"},{"taxonomy":"post_tag","embeddable":true,"href":"https:\/\/szentannaplebania.dnyem.hu\/index.php?rest_route=%2Fwp%2Fv2%2Ftags&post=2577"}],"curies":[{"name":"wp","href":"https:\/\/api.w.org\/{rel}","templated":true}]}}