{"id":2583,"date":"2026-03-07T22:19:59","date_gmt":"2026-03-07T21:19:59","guid":{"rendered":"https:\/\/szentannaplebania.dnyem.hu\/?p=2583"},"modified":"2026-03-07T22:19:59","modified_gmt":"2026-03-07T21:19:59","slug":"7-march-2026-2219","status":"publish","type":"post","link":"https:\/\/szentannaplebania.dnyem.hu\/?p=2583","title":{"rendered":"7 March, 2026 22:19"},"content":{"rendered":"<p><a><strong>HIRDET\u00c9SEK NAGYB\u00d6JT 3. VAS\u00c1RNAPJ\u00c1N (m\u00e1rcius 8.)<\/strong><\/a><\/p>\n<p><strong>1. P\u00e9nteken<\/strong> <strong>1715<\/strong> \u00f3r\u00e1t\u00f3l im\u00e1dkozzuk a keresztutat a Szt. J\u00f3zsef \u00c1lt. Iskola \u00e9s Gimn\u00e1zium tan\u00e1rainak vezet\u00e9s\u00e9vel. Min\u00e9l t\u00f6bben vegy\u00fcnk r\u00e9szt rajta, \u00e9s elm\u00e9lkedj\u00fcnk Krisztus Urunk szenved\u00e9s\u00e9r\u0151l.<\/p>\n<p><strong>2. Szombaton, m\u00e1rcius 14-\u00e9n,<\/strong> szombaton 09:30-t\u00f3l a Varga utca 3. sz\u00e1m alatti Kateketikai K\u00f6zpontban rendezz\u00fck meg az Egyh\u00e1zmegyei Csal\u00e1d Exp\u00f3t, amelyre v\u00e1rj\u00e1k a a csal\u00e1dokat \u00e9s a csal\u00e1dokat seg\u00edteni k\u00edv\u00e1n\u00f3 testv\u00e9reket. A gyermekek fel\u00fcgyelet\u00e9r\u0151l az eg\u00e9sz program ideje alatt gondoskodnak. A tin\u00e9dzserek sz\u00e1m\u00e1ra k\u00fcl\u00f6n foglalkoz\u00e1st szervez\u00fcnk. A r\u00e9szv\u00e9tel ingyenes, de regisztr\u00e1ci\u00f3hoz k\u00f6t\u00f6tt, jelentkezni lehet a dnyem.csaladpasztoracio c\u00edmen, elektronikus \u0171rlapon, telefonon vagy sms-ben a 06 30 508 7860-as telefonsz\u00e1mon. A r\u00e9sztvev\u0151k kapnak eb\u00e9det.<\/p>\n<p><strong>3. Szint\u00e9n szombaton<\/strong> 10 \u00f3r\u00e1t\u00f3l lesz az els\u0151\u00e1ldoz\u00e1sra k\u00e9sz\u00fcl\u0151k \u00f6sszevont hittan\u00f3r\u00e1ja a templomban. J\u00f6jjenek a jel\u00f6ltek!<\/p>\n<p><strong>4. A k\u00f6vetkez\u0151 vas\u00e1rnap<\/strong> \u00fcnnepelj\u00fck nagyb\u00f6jt 4. vas\u00e1rnapj\u00e1t, a LAETARE-vas\u00e1rnapot.<\/p>\n<p><strong>5. <\/strong>Miel\u0151bb jelents\u00e9k csal\u00e1djukb\u00f3l, rokons\u00e1gukb\u00f3l \u00e9s ismer\u0151seik k\u00f6z\u00fcl azokat a betegeket \u00e9s \u00f6regeket, akik k\u00e9rik nagyb\u00f6jti gy\u00f3ntat\u00e1sukat \u00e9s \u00e1ldoztat\u00e1sukat, vagy csak lelkip\u00e1sztori l\u00e1togat\u00e1st ig\u00e9nyelnek. Nev\u00fck \u00e9s c\u00edm\u00fck leadhat\u00f3 a sekresty\u00e9ben vagy a pl\u00e9b\u00e1niairod\u00e1n h\u00e9tk\u00f6znap 9-17-ig.<\/p>\n<p><strong>6. A Magyar Katolikus P\u00fcsp\u00f6ki Konferencia k\u00f6rlevele a 2026. \u00e9vi nagyb\u00f6jti tart\u00f3s\u00e9lelmiszer-gy\u0171jt\u00e9sr\u0151l:<\/strong><\/p>\n<p>Kedves Testv\u00e9rek! A Magyar Katolikus P\u00fcsp\u00f6ki Konferencia id\u00e9n is meghirdeti a \u201eTart\u00f3s szeretet&quot; nev\u0171 <a href=\"https:\/\/www.karitasz.hu\/hirek\/nagybojti-tartoselelmiszer-gyujtes\" title=\"https:\/\/www.karitasz.hu\/hirek\/nagybojti-tartoselelmiszer-gyujtes\">nagyb\u00f6jti tart\u00f3s\u00e9lelmiszer-gy\u0171jt\u00e9s<\/a>t, amelyet m\u00e1r a 15. alkalommal rendeznek meg a Katolikus Karit\u00e1sz orsz\u00e1gos h\u00e1l\u00f3zat\u00e1nak szervez\u00e9s\u00e9ben.<\/p>\n<p><strong>A h\u00edvek m\u00e1rcius 15-22. k\u00f6z\u00f6tt<\/strong> leadhatj\u00e1k adom\u00e1nyaikat a sekresty\u00e9ben vagy a pl\u00e9b\u00e1niairod\u00e1ban.<\/p>\n<p>Az \u00f6sszegy\u0171jt\u00f6tt \u00e9lelmiszerek nemcsak t\u00e1pl\u00e1l\u00e9kot jelentenek, hanem a rem\u00e9ny \u00fczenet\u00e9t \u00e9s a szolg\u00e1l\u00f3 szeretet k\u00e9zzelfoghat\u00f3 jel\u00e9t viszi a n\u00e9lk\u00fcl\u00f6z\u0151 csal\u00e1dokhoz.<\/p>\n<p>A kor\u00e1bbi \u00e9vekben a h\u00edvek adom\u00e1nyaib\u00f3l \u00f6ssze\u00e1ll\u00edtott seg\u00e9lycsomagokkal csal\u00e1dok ezreit tudta seg\u00edteni a seg\u00e9lyszervezet. Erre a c\u00e9lra adom\u00e1nyozni lehet <a href=\"http:\/\/www.karitasz.hu\">www.karitasz.hu<\/a> oldalon vagy a 1356-os telefonsz\u00e1mon is, ahol minden h\u00edv\u00e1s 500 forinttal t\u00e1mogatja a r\u00e1szorul\u00f3kat. K\u00e9rj\u00fck, hogy aki teheti, ad\u00f3ja egy sz\u00e1zal\u00e9k\u00e1val is t\u00e1mogassa a Katolikus Karit\u00e1sz szolg\u00e1lat\u00e1t, vagyis a <strong>Karit\u00e1szt T\u00e1mogat\u00f3 Alap\u00edtv\u00e1nyt.<\/strong><\/p>\n<p>Tegy\u00fcnk tan\u00fas\u00e1got az irgalmas szeretet gyakorl\u00e1s\u00e1r\u00f3l az idei Nagyb\u00f6jtben is, \u00e9s j\u00e1ruljunk hozz\u00e1 tart\u00f3s \u00e9lelmiszerrel a Katolikus Egyh\u00e1z seg\u00e9lyakci\u00f3j\u00e1hoz! H\u00e1l\u00e1s sz\u00edvvel k\u00f6sz\u00f6nj\u00fck a r\u00e1szorul\u00f3 testv\u00e9reinknek sz\u00e1nt adom\u00e1nyaikat!<\/p>\n<p><strong>7. <\/strong>Az els\u0151 teljes magyar nyelv\u0171 katolikus Szent\u00edr\u00e1s, a K\u00e1ldi-Biblia megjelen\u00e9s\u00e9nek 400. \u00e9vfordul\u00f3j\u00e1ra a Debrecen\u2013Ny\u00edregyh\u00e1zi Egyh\u00e1zmegye rajzversenyt hirdet \u201eBibliai t\u00f6rt\u00e9netek\u201d c\u00edmmel. A p\u00e1ly\u00e1zat c\u00e9lja, hogy a gyerekek a maguk eszk\u00f6zeivel, tetsz\u0151leges rajztechnik\u00e1val mutass\u00e1k be a Szent\u00edr\u00e1s egyes t\u00f6rt\u00e9neteit, fontos alakjait \u00e9s \u00fczenet\u00e9t.<\/p>\n<p>A versenyre \u00f6t korcsoportban lehet nevezni: \u00f3voda, 1\u20132., 3\u20134., 5\u20136. \u00e9s 7\u20138. oszt\u00e1ly. A p\u00e1lyam\u0171vek szabadk\u00e9zi rajzzal, A4 vagy A3 m\u00e9retben, tetsz\u0151leges technik\u00e1val k\u00e9sz\u00fclhetnek. Egy p\u00e1ly\u00e1z\u00f3 egy p\u00e1lyam\u0171vel indulhat. Bek\u00fcld\u00e9si hat\u00e1rid\u0151: <strong>2026. m\u00e1jus 25<\/strong>. A p\u00e1lyam\u0171 h\u00e1toldal\u00e1n szerepeljen: a p\u00e1ly\u00e1z\u00f3 neve, a korcsoport megnevez\u00e9se, a rajz c\u00edme, a hitoktat\u00f3 vagy felk\u00e9sz\u00edt\u0151 pedag\u00f3gus neve, a p\u00e1ly\u00e1z\u00f3\/sz\u00fcl\u0151 c\u00edme, telefonsz\u00e1ma, e-mail-c\u00edme.<\/p>\n<p>A rajzokat a kit\u00f6lt\u00f6tt hozz\u00e1j\u00e1rul\u00f3 nyilatkozattal egy\u00fctt k\u00e9rj\u00fck szem\u00e9lyesen vagy postai \u00faton eljuttatni a Debrecen\u2013Ny\u00edregyh\u00e1zi Egyh\u00e1zmegye c\u00edm\u00e9re: 4024 Debrecen, Varga utca 4. Postac\u00edm: 4002 Debrecen, Pf. 230. B\u0151vebb inform\u00e1ci\u00f3: Kardos Gy\u00f6rgy, Ny\u00edregyh\u00e1za, e mail: kardos.gyorgy; mobil: 06 30 527 3621.<\/p>\n<table>\n<tr>\n<td><a href=\"https:\/\/www.avast.com\/sig-email?utm_medium=email&amp;utm_source=link&amp;utm_campaign=sig-email&amp;utm_content=webmail\"><img loading=\"lazy\" decoding=\"async\" src=\"https:\/\/s-install.avcdn.net\/ipm\/preview\/icons\/icon-envelope-tick-round-orange-animated-no-repeat-v1.gif\" alt=\"\" width=\"46\" height=\"29\" \/><\/a><\/td>\n<td>V\u00edrusmentes.<a href=\"https:\/\/www.avast.com\/sig-email?utm_medium=email&amp;utm_source=link&amp;utm_campaign=sig-email&amp;utm_content=webmail\">www.avast.com<\/a><\/td>\n<\/tr>\n<\/table>\n","protected":false},"excerpt":{"rendered":"<p>HIRDET\u00c9SEK NAGYB\u00d6JT 3. VAS\u00c1RNAPJ\u00c1N (m\u00e1rcius 8.) 1. P\u00e9nteken 1715 \u00f3r\u00e1t\u00f3l im\u00e1dkozzuk a keresztutat a Szt. J\u00f3zsef \u00c1lt. Iskola \u00e9s Gimn\u00e1zium tan\u00e1rainak vezet\u00e9s\u00e9vel. Min\u00e9l t\u00f6bben vegy\u00fcnk r\u00e9szt rajta, \u00e9s elm\u00e9lkedj\u00fcnk Krisztus Urunk szenved\u00e9s\u00e9r\u0151l. 2. Szombaton, m\u00e1rcius 14-\u00e9n, szombaton 09:30-t\u00f3l a Varga utca 3. sz\u00e1m alatti Kateketikai K\u00f6zpontban rendezz\u00fck meg az Egyh\u00e1zmegyei Csal\u00e1d Exp\u00f3t, amelyre v\u00e1rj\u00e1k a &hellip; <a href=\"https:\/\/szentannaplebania.dnyem.hu\/?p=2583\" class=\"more-link\"><span class=\"screen-reader-text\">7 March, 2026 22:19<\/span> r\u00e9szletei&#8230;<\/a><\/p>\n","protected":false},"author":2,"featured_media":0,"comment_status":"closed","ping_status":"open","sticky":false,"template":"","format":"standard","meta":{"_jetpack_memberships_contains_paid_content":false,"footnotes":""},"categories":[15],"tags":[],"class_list":["post-2583","post","type-post","status-publish","format-standard","hentry","category-hirdetesek"],"jetpack_featured_media_url":"","jetpack_shortlink":"https:\/\/wp.me\/p9doK4-FF","jetpack_sharing_enabled":true,"_links":{"self":[{"href":"https:\/\/szentannaplebania.dnyem.hu\/index.php?rest_route=\/wp\/v2\/posts\/2583","targetHints":{"allow":["GET"]}}],"collection":[{"href":"https:\/\/szentannaplebania.dnyem.hu\/index.php?rest_route=\/wp\/v2\/posts"}],"about":[{"href":"https:\/\/szentannaplebania.dnyem.hu\/index.php?rest_route=\/wp\/v2\/types\/post"}],"author":[{"embeddable":true,"href":"https:\/\/szentannaplebania.dnyem.hu\/index.php?rest_route=\/wp\/v2\/users\/2"}],"replies":[{"embeddable":true,"href":"https:\/\/szentannaplebania.dnyem.hu\/index.php?rest_route=%2Fwp%2Fv2%2Fcomments&post=2583"}],"version-history":[{"count":0,"href":"https:\/\/szentannaplebania.dnyem.hu\/index.php?rest_route=\/wp\/v2\/posts\/2583\/revisions"}],"wp:attachment":[{"href":"https:\/\/szentannaplebania.dnyem.hu\/index.php?rest_route=%2Fwp%2Fv2%2Fmedia&parent=2583"}],"wp:term":[{"taxonomy":"category","embeddable":true,"href":"https:\/\/szentannaplebania.dnyem.hu\/index.php?rest_route=%2Fwp%2Fv2%2Fcategories&post=2583"},{"taxonomy":"post_tag","embeddable":true,"href":"https:\/\/szentannaplebania.dnyem.hu\/index.php?rest_route=%2Fwp%2Fv2%2Ftags&post=2583"}],"curies":[{"name":"wp","href":"https:\/\/api.w.org\/{rel}","templated":true}]}}