{"id":2584,"date":"2026-03-15T06:21:49","date_gmt":"2026-03-15T05:21:49","guid":{"rendered":"https:\/\/szentannaplebania.dnyem.hu\/?p=2584"},"modified":"2026-03-15T06:21:49","modified_gmt":"2026-03-15T05:21:49","slug":"15-march-2026-0621","status":"publish","type":"post","link":"https:\/\/szentannaplebania.dnyem.hu\/?p=2584","title":{"rendered":"15 March, 2026 06:21"},"content":{"rendered":"<p><strong>HIRDET\u00c9SEK NAGYB\u00d6JT 4., (LAETARE) VAS\u00c1RNAPJ\u00c1N (M\u00c1RCIUS 15.)<\/strong><\/p>\n<p><strong>1. Szerd\u00e1n<\/strong> 16:45-t\u0151l az 5. teremben lesz a M\u00e1ria \u00e9s M\u00e1rta n\u0151i imak\u00f6r az egyed\u00fcl\u00e1ll\u00f3 n\u0151knek \u00e9s asszonyoknak (\u00e9desany\u00e1knak \u00e9s nagymam\u00e1knak).<\/p>\n<p><strong>2. Cs\u00fct\u00f6rt\u00f6k\u00f6n<\/strong>, Szent J\u00f3zsef, a Boldogs\u00e1gos Sz\u0171z M\u00e1ria jegyes\u00e9nek f\u0151\u00fcnnep\u00e9n k\u00fcl\u00f6n\u00e1ld\u00e1sban r\u00e9szes\u00fclhetnek a f\u00e9rfiak \u00e9s az \u00e9desap\u00e1k a szentmis\u00e9k v\u00e9g\u00e9n. 9 \u00f3r\u00e1t\u00f3l kezd\u0151dik az Id\u0151sek Akad\u00e9mi\u00e1ja az 5. teremben.<\/p>\n<p><strong>3. Szombaton a<\/strong>z esti szentmise ut\u00e1n r\u00e9szt vehet\u00fcnk a Bach Mindenkinek Fesztiv\u00e1l keret\u00e9ben az \u00daj gener\u00e1ci\u00f3 orgonaestj\u00e9n. K\u00f6zrem\u0171k\u00f6dnek a Debreceni Egyetem Zenem\u0171v\u00e9szeti Kara, a Debreceni Zenede \u00e9s a Debreceni Reform\u00e1tus Hittudom\u00e1nyi Egyetem orgona- \u00e9s egyh\u00e1zzene szakos hallgat\u00f3i.<\/p>\n<p><strong>4. A k\u00f6vetkez\u0151 vas\u00e1rnap<\/strong>:<\/p>\n<p>\u2014 orsz\u00e1gos gy\u0171jt\u00e9st tartunk a Szentf\u00f6ld jav\u00e1ra.<\/p>\n<p>\u2014 A f\u00e9l 12-es szentmis\u00e9n \u00e9nekelni fog a Dal\u00e1rda, egyh\u00e1zk\u00f6zs\u00e9g\u00fcnk csal\u00e1dos k\u00f3rusa.<\/p>\n<p><strong>5. <\/strong>Miel\u0151bb jelents\u00e9k csal\u00e1djukb\u00f3l, rokons\u00e1gukb\u00f3l \u00e9s ismer\u0151seik k\u00f6z\u00fcl azokat a betegeket \u00e9s \u00f6regeket, akik k\u00e9rik nagyb\u00f6jti gy\u00f3ntat\u00e1sukat \u00e9s \u00e1ldoztat\u00e1sukat, vagy csak lelkip\u00e1sztori l\u00e1togat\u00e1st ig\u00e9nyelnek. Nev\u00fck \u00e9s c\u00edm\u00fck leadhat\u00f3 a sekresty\u00e9ben vagy a pl\u00e9b\u00e1niairod\u00e1n h\u00e9tk\u00f6znap 9-17-ig.<\/p>\n<p><strong>6. <\/strong>K\u00f6sz\u00f6netet mondok mindazoknak, akik m\u00e1r bekapcsol\u00f3dtak a <strong>tart\u00f3s\u00e9lelmiszer-gy\u0171jt\u00e9sbe.<\/strong> Atart\u00f3s\u00e9lelmiszer-felaj\u00e1nl\u00e1s leadhat\u00f3 a sekresty\u00e9ben vagy a pl\u00e9b\u00e1niairod\u00e1n.<\/p>\n<p>Telefonos adom\u00e1nyvonalon is bekapcsol\u00f3dhatunk a Karit\u00e1sz seg\u00edt\u0151 munk\u00e1j\u00e1ba: ha h\u00edvjuk az 1356-os telefonsz\u00e1mot, h\u00edv\u00e1sonk\u00e9nt 500 forinttal seg\u00edt\u00fcnk.<\/p>\n<p><strong>7. <\/strong>Nagyb\u00f6jti lelkih\u00e9tv\u00e9g\u00e9n vehetnek r\u00e9szt a fiatalok Ny\u00edregyh\u00e1za\u2013Borb\u00e1ny\u00e1n (P\u00e1sztor u. 1\/a) a Lelkigyakorlatos H\u00e1zban. Kezd\u00e9s: m\u00e1rcius 27., p\u00e9ntek 18:00 (16:00 ut\u00e1n m\u00e1r \u00e9rkezhetnek). Befejez\u00e9s: m\u00e1rcius 28., szombat d\u00e9lut\u00e1n.<\/p>\n<p>Jelentkez\u00e9s : <a href=\"https:\/\/forms.gle\/BV7xrqAt3JhjvZ2NA\">https:\/\/forms.gle\/BV7xrqAt3JhjvZ2NA<\/a><\/p>\n<p><strong>8. <\/strong>Adjuk \u00e1t min\u00e9l t\u00f6bb sz\u00fcl\u0151nek, hogy a 2026\/2027-es tan\u00e9vt\u0151l r\u00f3mai katolikusnak kereszteltgyermekeik sz\u00e1m\u00e1ra \u00edr\u00e1sban adott nyilatkozatban k\u00e9rj\u00e9k a hit- \u00e9s erk\u00f6lcstant az \u00e1llami iskol\u00e1kban \u00e9s a 6 oszt\u00e1lyos gimn\u00e1zium 7-8. oszt\u00e1ly\u00e1ban az etika tant\u00e1rgy helyett.<\/p>\n<p>Ezzel a k\u00e9r\u00e9s\u00fckkel biztos\u00edtj\u00e1k sz\u00e1mukra a vall\u00e1sos nevel\u00e9s komoly lehet\u0151s\u00e9g\u00e9t, ami m\u00e1r az \u00f3vod\u00e1kban megkezd\u0151dhet. Ha a sz\u00fcl\u0151k r\u00e1nk b\u00edzz\u00e1k nem katolikusnak keresztelt vagy kereszteletlen gyermek\u00fcket, szeretettel fogadjuk \u0151ket a r\u00f3mai katolikus hit- \u00e9s erk\u00f6lcstan \u00f3r\u00e1n.<\/p>\n<table>\n<tr>\n<td><a href=\"https:\/\/www.avast.com\/sig-email?utm_medium=email&amp;utm_source=link&amp;utm_campaign=sig-email&amp;utm_content=webmail\"><img loading=\"lazy\" decoding=\"async\" src=\"https:\/\/s-install.avcdn.net\/ipm\/preview\/icons\/icon-envelope-tick-round-orange-animated-no-repeat-v1.gif\" alt=\"\" width=\"46\" height=\"29\" \/><\/a><\/td>\n<td>V\u00edrusmentes.<a href=\"https:\/\/www.avast.com\/sig-email?utm_medium=email&amp;utm_source=link&amp;utm_campaign=sig-email&amp;utm_content=webmail\">www.avast.com<\/a><\/td>\n<\/tr>\n<\/table>\n","protected":false},"excerpt":{"rendered":"<p>HIRDET\u00c9SEK NAGYB\u00d6JT 4., (LAETARE) VAS\u00c1RNAPJ\u00c1N (M\u00c1RCIUS 15.) 1. Szerd\u00e1n 16:45-t\u0151l az 5. teremben lesz a M\u00e1ria \u00e9s M\u00e1rta n\u0151i imak\u00f6r az egyed\u00fcl\u00e1ll\u00f3 n\u0151knek \u00e9s asszonyoknak (\u00e9desany\u00e1knak \u00e9s nagymam\u00e1knak). 2. Cs\u00fct\u00f6rt\u00f6k\u00f6n, Szent J\u00f3zsef, a Boldogs\u00e1gos Sz\u0171z M\u00e1ria jegyes\u00e9nek f\u0151\u00fcnnep\u00e9n k\u00fcl\u00f6n\u00e1ld\u00e1sban r\u00e9szes\u00fclhetnek a f\u00e9rfiak \u00e9s az \u00e9desap\u00e1k a szentmis\u00e9k v\u00e9g\u00e9n. 9 \u00f3r\u00e1t\u00f3l kezd\u0151dik az Id\u0151sek Akad\u00e9mi\u00e1ja az &hellip; <a href=\"https:\/\/szentannaplebania.dnyem.hu\/?p=2584\" class=\"more-link\"><span class=\"screen-reader-text\">15 March, 2026 06:21<\/span> r\u00e9szletei&#8230;<\/a><\/p>\n","protected":false},"author":2,"featured_media":0,"comment_status":"closed","ping_status":"open","sticky":false,"template":"","format":"standard","meta":{"_jetpack_memberships_contains_paid_content":false,"footnotes":""},"categories":[15],"tags":[],"class_list":["post-2584","post","type-post","status-publish","format-standard","hentry","category-hirdetesek"],"jetpack_featured_media_url":"","jetpack_shortlink":"https:\/\/wp.me\/p9doK4-FG","jetpack_sharing_enabled":true,"_links":{"self":[{"href":"https:\/\/szentannaplebania.dnyem.hu\/index.php?rest_route=\/wp\/v2\/posts\/2584","targetHints":{"allow":["GET"]}}],"collection":[{"href":"https:\/\/szentannaplebania.dnyem.hu\/index.php?rest_route=\/wp\/v2\/posts"}],"about":[{"href":"https:\/\/szentannaplebania.dnyem.hu\/index.php?rest_route=\/wp\/v2\/types\/post"}],"author":[{"embeddable":true,"href":"https:\/\/szentannaplebania.dnyem.hu\/index.php?rest_route=\/wp\/v2\/users\/2"}],"replies":[{"embeddable":true,"href":"https:\/\/szentannaplebania.dnyem.hu\/index.php?rest_route=%2Fwp%2Fv2%2Fcomments&post=2584"}],"version-history":[{"count":0,"href":"https:\/\/szentannaplebania.dnyem.hu\/index.php?rest_route=\/wp\/v2\/posts\/2584\/revisions"}],"wp:attachment":[{"href":"https:\/\/szentannaplebania.dnyem.hu\/index.php?rest_route=%2Fwp%2Fv2%2Fmedia&parent=2584"}],"wp:term":[{"taxonomy":"category","embeddable":true,"href":"https:\/\/szentannaplebania.dnyem.hu\/index.php?rest_route=%2Fwp%2Fv2%2Fcategories&post=2584"},{"taxonomy":"post_tag","embeddable":true,"href":"https:\/\/szentannaplebania.dnyem.hu\/index.php?rest_route=%2Fwp%2Fv2%2Ftags&post=2584"}],"curies":[{"name":"wp","href":"https:\/\/api.w.org\/{rel}","templated":true}]}}