{"id":2590,"date":"2026-04-26T08:45:51","date_gmt":"2026-04-26T06:45:51","guid":{"rendered":"https:\/\/szentannaplebania.dnyem.hu\/?p=2590"},"modified":"2026-04-26T08:45:51","modified_gmt":"2026-04-26T06:45:51","slug":"26-april-2026-0845","status":"publish","type":"post","link":"https:\/\/szentannaplebania.dnyem.hu\/?p=2590","title":{"rendered":"26 April, 2026 08:45"},"content":{"rendered":"<p><a><strong>HIRDET\u00c9SEK H\u00daSV\u00c9T 4. VAS\u00c1RNAP <\/strong><\/a>(\u00e1prilis 26.)<\/p>\n<p>1. <strong>Ma<\/strong>, J\u00f3 P\u00e1sztor-vas\u00e1rnapj\u00e1n k\u00f6ny\u00f6rg\u0151napot tartunk papi hivat\u00e1sok\u00e9rt \u00e9s j\u00f3 term\u00e9s\u00e9rt.<\/p>\n<p>2. Azok a fiatalok, akik Isten paps\u00e1gra h\u00edv\u00f3 szav\u00e1t felismert\u00e9k \u00f6nmagukban, \u00e9s a Debrecen-Ny\u00edregyh\u00e1zi Egyh\u00e1zmegy\u00e9ben szeretn\u00e9nek papk\u00e9nt szolg\u00e1lni, k\u00fcldj\u00e9k be jelentkez\u00e9s\u00fcket m\u00e1jus 31-ig a P\u00fcsp\u00f6ki Hivatalba. B\u0151vebb t\u00e1j\u00e9koztat\u00e1st a lelkiaty\u00e1kt\u00f3l k\u00e9rhetnek.<\/p>\n<p>3. <strong>Szerd\u00e1n <\/strong>16:45-t\u0151l az 5. teremben folytat\u00f3dik a M\u00e1ria \u00e9s M\u00e1rta n\u0151i imak\u00f6r az egyed\u00fcl\u00e1ll\u00f3 n\u0151knek \u00e9s asszonyoknak.<\/p>\n<p>4. <strong>Cs\u00fct\u00f6rt\u00f6k\u00f6n <\/strong>9-t\u0151l kezd\u0151dik az Id\u0151sek Akad\u00e9mi\u00e1ja az 5. teremben.<\/p>\n<p>5. A <strong>p\u00e9ntekt\u0151l<\/strong> r\u00e1nk k\u00f6sz\u00f6nt\u0151 <strong>m\u00e1jusban<\/strong> az esti szentmis\u00e9k el\u0151tt \u00e9nekelj\u00fck a lor\u00e9t\u00f3i lit\u00e1ni\u00e1t a Boldogs\u00e1gos Sz\u0171z M\u00e1ria tisztelet\u00e9re.<\/p>\n<p>6. <strong>Szombaton<\/strong> Egyh\u00e1zmegyei Csal\u00e1d Exp\u00f3ra v\u00e1rj\u00e1k a csal\u00e1dokat \u00e9s a csal\u00e1dokat seg\u00edteni k\u00edv\u00e1n\u00f3 h\u00edveket G\u00e1vavencsell\u0151n a Nagyboldogasszony Pl\u00e9b\u00e1ni\u00e1n. Lesz k\u00f6tetlen besz\u00e9lget\u00e9s, j\u00e1t\u00e9k, k\u00f6z\u00f6s \u00e9nekl\u00e9s, im\u00e1ds\u00e1g \u00e9s szalonnas\u00fct\u00e9s.<\/p>\n<p>Jelentkezni \u00e9s \u00e9rdekl\u0151dni lehet vagy a <strong>dnyem.csaladpasztoracioemail c\u00edmen, vagy a <strong>06 30 508 7860<\/strong>-as telefonsz\u00e1mon, vagy az egyh\u00e1zmegyei honlapon, vagy a saj\u00e1t levelez\u0151list\u00e1n\/facebook oldalon is k\u00f6zz\u00e9tett elektronikus \u0171rlapon.<\/p>\n<p>7. <strong>A k\u00f6vetkez\u0151 vas\u00e1rnap <\/strong>a f\u00e9l 9-es szentmis\u00e9n lesz az \u00e9desany\u00e1k k\u00f6sz\u00f6nt\u00e9se.<\/p>\n<p>8. <strong>M\u00e1jus 15-\u00e9n<\/strong>, <strong>p\u00e9nteken<\/strong> 19 \u00f3r\u00e1t\u00f3l lesz az egyh\u00e1zmegyei katolikus b\u00e1l a K\u00f6lcsey K\u00f6zpontban. A sv\u00e9dasztalos vacsor\u00e1t is mag\u00e1ban foglal\u00f3 jegyek 10 \u00e9ves kor f\u00f6l\u00f6tt 15 ezer Ft-\u00e9rt, gyermekeknek 10 \u00e9ves korig 7500,-Ft-\u00e9rt v\u00e1lthat\u00f3k a pl\u00e9b\u00e1ni\u00e1kon, vagy az egyh\u00e1zmegye \u00e1ltal fenntartott int\u00e9zm\u00e9nyekben, vagy a P\u00fcsp\u00f6ki Hivatalban B\u0171te Anit\u00e1n\u00e1l. A b\u00e1lra asztalt lehet foglalni. \u00c9rezz\u00fck magunk\u00e9nak a b\u00e1lt, \u00e9s vegy\u00fcnk rajta r\u00e9szt min\u00e9l t\u00f6bben! Ha valaki szeretne tombolafelaj\u00e1nl\u00e1st tenni, akkor keresse Kov\u00e1cs Istv\u00e1n igazgat\u00f3 urat (kovacs.istvan). B\u0151vebb inform\u00e1ci\u00f3 a rendezveny c\u00edmen k\u00e9rhet\u0151.<\/p>\n<p>9. <strong>M\u00e1jus 30-\u00e1n, szombaton <\/strong>Egyh\u00e1zmegyei Gyermeknap lesz <strong>Nagyk\u00e1ll\u00f3\u2013Harangodon <\/strong>3-8. oszt\u00e1lyos gyermekek sz\u00e1m\u00e1ra 9:30 \u2013 16 \u00f3ra k\u00f6z\u00f6tt. Miel\u0151bb jelentkezzenek a lelkiaty\u00e1kn\u00e1l vagy a hitoktat\u00f3kn\u00e1l.<\/p>\n<p>10.A szem\u00e9lyi j\u00f6vedelemad\u00f3 bevall\u00e1s\u00e1nak id\u0151szak\u00e1ban az 1%-os rendelkez\u00e9sekre h\u00edvjuk fel a Kedves Testv\u00e9rek figyelm\u00e9t. A technikai sz\u00e1mra vonatkoz\u00f3 el\u0151z\u0151 \u00e9vi rendelkez\u00e9s (0011 &#8211; Magyar Katolikus Egyh\u00e1z) visszavon\u00e1sig \u00e9rv\u00e9nyben van, a m\u00e1sodik 1%-r\u00f3l viszont minden \u00e9vben \u00fajra kell nyilatkoznunk.<\/p>\n<p>A m\u00e1sodik 1% kedvezm\u00e9nyezettjek\u00e9nt aj\u00e1nlom figyelm\u00fckbe <strong>pl\u00e9b\u00e1ni\u00e1nk hit\u00e9leti tev\u00e9kenys\u00e9g\u00e9nek t\u00e1mogat\u00e1s\u00e1ra l\u00e9trehozott<\/strong> <strong>Szent Anna R\u00f3mai Katolikus Pl\u00e9b\u00e1ni\u00e1\u00e9rt Alap\u00edtv\u00e1nyt<\/strong>, amelynek ad\u00f3sz\u00e1ma 18621972-1-09.<\/p>\n<p>11.Liturgikus eml\u00e9knapok e h\u00e9ten: szerd\u00e1n Szi\u00e9nai Szt. Katalin sz\u0171z, egyh\u00e1ztan\u00edt\u00f3 \u00e9s Eur\u00f3pa t\u00e1rsv\u00e9d\u0151szentj\u00e9nek \u00fcnnepe; p\u00e9nteken Munk\u00e1s Szent J\u00f3zsef \u00e9s v\u00e9g\u00fcl szombaton Szt. Atan\u00e1z p\u00fcsp\u00f6k \u00e9s egyh\u00e1ztan\u00edt\u00f3 eml\u00e9knapja.<\/p>\n","protected":false},"excerpt":{"rendered":"<p>HIRDET\u00c9SEK H\u00daSV\u00c9T 4. VAS\u00c1RNAP (\u00e1prilis 26.) 1. Ma, J\u00f3 P\u00e1sztor-vas\u00e1rnapj\u00e1n k\u00f6ny\u00f6rg\u0151napot tartunk papi hivat\u00e1sok\u00e9rt \u00e9s j\u00f3 term\u00e9s\u00e9rt. 2. Azok a fiatalok, akik Isten paps\u00e1gra h\u00edv\u00f3 szav\u00e1t felismert\u00e9k \u00f6nmagukban, \u00e9s a Debrecen-Ny\u00edregyh\u00e1zi Egyh\u00e1zmegy\u00e9ben szeretn\u00e9nek papk\u00e9nt szolg\u00e1lni, k\u00fcldj\u00e9k be jelentkez\u00e9s\u00fcket m\u00e1jus 31-ig a P\u00fcsp\u00f6ki Hivatalba. B\u0151vebb t\u00e1j\u00e9koztat\u00e1st a lelkiaty\u00e1kt\u00f3l k\u00e9rhetnek. 3. Szerd\u00e1n 16:45-t\u0151l az 5. teremben folytat\u00f3dik &hellip; <a href=\"https:\/\/szentannaplebania.dnyem.hu\/?p=2590\" class=\"more-link\"><span class=\"screen-reader-text\">26 April, 2026 08:45<\/span> r\u00e9szletei&#8230;<\/a><\/p>\n","protected":false},"author":2,"featured_media":0,"comment_status":"closed","ping_status":"open","sticky":false,"template":"","format":"standard","meta":{"_jetpack_memberships_contains_paid_content":false,"footnotes":""},"categories":[15],"tags":[],"class_list":["post-2590","post","type-post","status-publish","format-standard","hentry","category-hirdetesek"],"jetpack_featured_media_url":"","jetpack_shortlink":"https:\/\/wp.me\/p9doK4-FM","jetpack_sharing_enabled":true,"_links":{"self":[{"href":"https:\/\/szentannaplebania.dnyem.hu\/index.php?rest_route=\/wp\/v2\/posts\/2590","targetHints":{"allow":["GET"]}}],"collection":[{"href":"https:\/\/szentannaplebania.dnyem.hu\/index.php?rest_route=\/wp\/v2\/posts"}],"about":[{"href":"https:\/\/szentannaplebania.dnyem.hu\/index.php?rest_route=\/wp\/v2\/types\/post"}],"author":[{"embeddable":true,"href":"https:\/\/szentannaplebania.dnyem.hu\/index.php?rest_route=\/wp\/v2\/users\/2"}],"replies":[{"embeddable":true,"href":"https:\/\/szentannaplebania.dnyem.hu\/index.php?rest_route=%2Fwp%2Fv2%2Fcomments&post=2590"}],"version-history":[{"count":0,"href":"https:\/\/szentannaplebania.dnyem.hu\/index.php?rest_route=\/wp\/v2\/posts\/2590\/revisions"}],"wp:attachment":[{"href":"https:\/\/szentannaplebania.dnyem.hu\/index.php?rest_route=%2Fwp%2Fv2%2Fmedia&parent=2590"}],"wp:term":[{"taxonomy":"category","embeddable":true,"href":"https:\/\/szentannaplebania.dnyem.hu\/index.php?rest_route=%2Fwp%2Fv2%2Fcategories&post=2590"},{"taxonomy":"post_tag","embeddable":true,"href":"https:\/\/szentannaplebania.dnyem.hu\/index.php?rest_route=%2Fwp%2Fv2%2Ftags&post=2590"}],"curies":[{"name":"wp","href":"https:\/\/api.w.org\/{rel}","templated":true}]}}