{"id":2591,"date":"2026-05-03T06:17:22","date_gmt":"2026-05-03T04:17:22","guid":{"rendered":"https:\/\/szentannaplebania.dnyem.hu\/?p=2591"},"modified":"2026-05-03T06:17:22","modified_gmt":"2026-05-03T04:17:22","slug":"3-may-2026-0617","status":"publish","type":"post","link":"https:\/\/szentannaplebania.dnyem.hu\/?p=2591","title":{"rendered":"3 May, 2026 06:17"},"content":{"rendered":"<p><a><strong>HIRDET\u00c9SEK H\u00daSV\u00c9T 5. VAS\u00c1RNAPJ\u00c1N <\/strong><\/a>(m\u00e1jus 3.)<\/p>\n<p>1. Le\u00f3 p\u00e1pa m\u00e1jusi imasz\u00e1nd\u00e9ka: Im\u00e1dkozzunk, hogy mindenki az\u00e9rt tev\u00e9kenykedjen, a nagytermel\u0151kt\u0151l a kisfogyaszt\u00f3kig, hogy elker\u00fclj\u00e9k az \u00e9lelmiszer-pazarl\u00e1st, \u00e9s hogy minden ember hozz\u00e1f\u00e9rjen a min\u0151s\u00e9gi \u00e9lelemhez.<\/p>\n<p>2. A Szent L\u00e1szl\u00f3 Imasz\u00f6vets\u00e9g m\u00e1jusi r\u00f3zsaf\u00fcz\u00e9rtitka: J\u00e9zus, aki nek\u00fcnk a Szentlelket elk\u00fcldte.<\/p>\n<p>3. <strong>M\u00e1jusban<\/strong> az esti szentmis\u00e9k el\u0151tt \u00e9nekelj\u00fck a lor\u00e9t\u00f3i lit\u00e1ni\u00e1t a Boldogs\u00e1gos Sz\u0171z M\u00e1ria tisztelet\u00e9re.<\/p>\n<p>4. <strong>Ma, els\u0151vas\u00e1rnap <\/strong>15 \u00f3r\u00e1t\u00f3l csendes szents\u00e9gim\u00e1d\u00e1sra t\u00e9rhet\u00fcnk be templomunkba 18 \u00f3r\u00e1ig.<\/p>\n<p>5. <strong>Els\u0151cs\u00fct\u00f6rt\u00f6k\u00f6n<\/strong> eg\u00e9sz napos szents\u00e9gim\u00e1d\u00e1st tartunk 18 \u00f3r\u00e1ig. 17 \u00f3r\u00e1t\u00f3l kezd\u0151dik az ima\u00f3ra papi hivat\u00e1sok\u00e9rt.<\/p>\n<p>6. <strong>Szombaton 10<\/strong>-kor kezd\u0151dik az els\u0151\u00e1ldoz\u00f3k \u00f6sszevont hittan\u00f3r\u00e1ja. J\u00f6jjenek a jel\u00f6ltek!<\/p>\n<p>7. <strong>A k\u00f6vetkez\u0151 vas\u00e1rnap<\/strong> tartjuk a T\u00f6megt\u00e1j\u00e9koztat\u00e1si vil\u00e1gnapot. A T\u00f6megt\u00e1j\u00e9koztat\u00e1si vil\u00e1gnap j\u00f3 alkalom arra, hogy k\u00f6sz\u00f6netet mondjunk azoknak, akik a t\u00f6megt\u00e1j\u00e9koztat\u00e1sban \u00fagy tev\u00e9kenykednek, hogy munk\u00e1jukban h\u0171en \u00e9rv\u00e9nyes\u00edtik az erk\u00f6lcsi rend norm\u00e1it.<\/p>\n<p>8. <strong>M\u00e1jus 15-\u00e9n<\/strong>, <strong>p\u00e9nteken<\/strong> 19 \u00f3r\u00e1t\u00f3l lesz az egyh\u00e1zmegyei katolikus b\u00e1l a K\u00f6lcsey K\u00f6zpontban. A sv\u00e9dasztalos vacsor\u00e1t is mag\u00e1ban foglal\u00f3 jegyek 10 \u00e9ves kor f\u00f6l\u00f6tt 15 ezer Ft-\u00e9rt, gyermekeknek 10 \u00e9ves korig 7500,-Ft-\u00e9rt v\u00e1lthat\u00f3k a pl\u00e9b\u00e1ni\u00e1kon, vagy az egyh\u00e1zmegye \u00e1ltal fenntartott int\u00e9zm\u00e9nyekben, vagy a P\u00fcsp\u00f6ki Hivatalban B\u0171te Anit\u00e1n\u00e1l. A b\u00e1lra asztalt lehet foglalni. \u00c9rezz\u00fck magunk\u00e9nak a b\u00e1lt, \u00e9s vegy\u00fcnk rajta r\u00e9szt min\u00e9l t\u00f6bben! Ha valaki szeretne tombolafelaj\u00e1nl\u00e1st tenni, akkor keresse Kov\u00e1cs Istv\u00e1n igazgat\u00f3 urat (kovacs.istvan). B\u0151vebb inform\u00e1ci\u00f3 a rendezveny c\u00edmen k\u00e9rhet\u0151.<\/p>\n<p>9. <strong>M\u00e1jus 30-\u00e1n, szombaton <\/strong>Egyh\u00e1zmegyei Gyermeknap lesz <strong>Nagyk\u00e1ll\u00f3\u2013Harangodon <\/strong>3-8. oszt\u00e1lyos gyermekek sz\u00e1m\u00e1ra 9:30 \u2013 16 \u00f3ra k\u00f6z\u00f6tt. Miel\u0151bb jelentkezzenek a lelkiaty\u00e1kn\u00e1l vagy a hitoktat\u00f3kn\u00e1l.<\/p>\n<p>10. <strong>J\u00fanius 29-t\u0151l j\u00falius 3-ig<\/strong> lesz ministr\u00e1nst\u00e1bor Ny\u00edregyh\u00e1za-Ny\u00edrsz\u0151l\u0151s\u00f6n 12-t\u0151l 18 \u00e9ves korig. Jelentkezni lehet a lelkiaty\u00e1kn\u00e1l, a jelentkez\u00e9si hat\u00e1rid\u0151 j\u00fanius 1.<\/p>\n<p>11. A szem\u00e9lyi j\u00f6vedelemad\u00f3 bevall\u00e1s\u00e1nak id\u0151szak\u00e1ban az 1%-os rendelkez\u00e9sekre h\u00edvjuk fel a Kedves Testv\u00e9rek figyelm\u00e9t. A technikai sz\u00e1mra vonatkoz\u00f3 el\u0151z\u0151 \u00e9vi rendelkez\u00e9s (0011 &#8211; Magyar Katolikus Egyh\u00e1z) visszavon\u00e1sig \u00e9rv\u00e9nyben van, a m\u00e1sodik 1%-r\u00f3l viszont minden \u00e9vben \u00fajra kell nyilatkoznunk. A m\u00e1sodik 1% kedvezm\u00e9nyezettjek\u00e9nt aj\u00e1nlom figyelm\u00fckbe <strong>pl\u00e9b\u00e1ni\u00e1nk hit\u00e9leti tev\u00e9kenys\u00e9g\u00e9nek t\u00e1mogat\u00e1s\u00e1ra l\u00e9trehozott<\/strong> <strong>Szent Anna R\u00f3mai Katolikus Pl\u00e9b\u00e1ni\u00e1\u00e9rt Alap\u00edtv\u00e1nyt<\/strong>, amelynek ad\u00f3sz\u00e1ma 18621972-1-09.<\/p>\n<table>\n<tr>\n<td><a href=\"https:\/\/www.avast.com\/sig-email?utm_medium=email&amp;utm_source=link&amp;utm_campaign=sig-email&amp;utm_content=webmail\"><img loading=\"lazy\" decoding=\"async\" src=\"https:\/\/s-install.avcdn.net\/ipm\/preview\/icons\/icon-envelope-tick-round-orange-animated-no-repeat-v1.gif\" alt=\"\" width=\"46\" height=\"29\" \/><\/a><\/td>\n<td>V\u00edrusmentes.<a href=\"https:\/\/www.avast.com\/sig-email?utm_medium=email&amp;utm_source=link&amp;utm_campaign=sig-email&amp;utm_content=webmail\">www.avast.com<\/a><\/td>\n<\/tr>\n<\/table>\n","protected":false},"excerpt":{"rendered":"<p>HIRDET\u00c9SEK H\u00daSV\u00c9T 5. VAS\u00c1RNAPJ\u00c1N (m\u00e1jus 3.) 1. Le\u00f3 p\u00e1pa m\u00e1jusi imasz\u00e1nd\u00e9ka: Im\u00e1dkozzunk, hogy mindenki az\u00e9rt tev\u00e9kenykedjen, a nagytermel\u0151kt\u0151l a kisfogyaszt\u00f3kig, hogy elker\u00fclj\u00e9k az \u00e9lelmiszer-pazarl\u00e1st, \u00e9s hogy minden ember hozz\u00e1f\u00e9rjen a min\u0151s\u00e9gi \u00e9lelemhez. 2. A Szent L\u00e1szl\u00f3 Imasz\u00f6vets\u00e9g m\u00e1jusi r\u00f3zsaf\u00fcz\u00e9rtitka: J\u00e9zus, aki nek\u00fcnk a Szentlelket elk\u00fcldte. 3. M\u00e1jusban az esti szentmis\u00e9k el\u0151tt \u00e9nekelj\u00fck a lor\u00e9t\u00f3i lit\u00e1ni\u00e1t &hellip; <a href=\"https:\/\/szentannaplebania.dnyem.hu\/?p=2591\" class=\"more-link\"><span class=\"screen-reader-text\">3 May, 2026 06:17<\/span> r\u00e9szletei&#8230;<\/a><\/p>\n","protected":false},"author":2,"featured_media":0,"comment_status":"closed","ping_status":"open","sticky":false,"template":"","format":"standard","meta":{"_jetpack_memberships_contains_paid_content":false,"footnotes":""},"categories":[15],"tags":[],"class_list":["post-2591","post","type-post","status-publish","format-standard","hentry","category-hirdetesek"],"jetpack_featured_media_url":"","jetpack_shortlink":"https:\/\/wp.me\/p9doK4-FN","jetpack_sharing_enabled":true,"_links":{"self":[{"href":"https:\/\/szentannaplebania.dnyem.hu\/index.php?rest_route=\/wp\/v2\/posts\/2591","targetHints":{"allow":["GET"]}}],"collection":[{"href":"https:\/\/szentannaplebania.dnyem.hu\/index.php?rest_route=\/wp\/v2\/posts"}],"about":[{"href":"https:\/\/szentannaplebania.dnyem.hu\/index.php?rest_route=\/wp\/v2\/types\/post"}],"author":[{"embeddable":true,"href":"https:\/\/szentannaplebania.dnyem.hu\/index.php?rest_route=\/wp\/v2\/users\/2"}],"replies":[{"embeddable":true,"href":"https:\/\/szentannaplebania.dnyem.hu\/index.php?rest_route=%2Fwp%2Fv2%2Fcomments&post=2591"}],"version-history":[{"count":0,"href":"https:\/\/szentannaplebania.dnyem.hu\/index.php?rest_route=\/wp\/v2\/posts\/2591\/revisions"}],"wp:attachment":[{"href":"https:\/\/szentannaplebania.dnyem.hu\/index.php?rest_route=%2Fwp%2Fv2%2Fmedia&parent=2591"}],"wp:term":[{"taxonomy":"category","embeddable":true,"href":"https:\/\/szentannaplebania.dnyem.hu\/index.php?rest_route=%2Fwp%2Fv2%2Fcategories&post=2591"},{"taxonomy":"post_tag","embeddable":true,"href":"https:\/\/szentannaplebania.dnyem.hu\/index.php?rest_route=%2Fwp%2Fv2%2Ftags&post=2591"}],"curies":[{"name":"wp","href":"https:\/\/api.w.org\/{rel}","templated":true}]}}