{"id":2619,"date":"2026-09-05T22:21:27","date_gmt":"2026-09-05T20:21:27","guid":{"rendered":"https:\/\/szentannaplebania.dnyem.hu\/?p=2619"},"modified":"2026-09-05T22:21:27","modified_gmt":"2026-09-05T20:21:27","slug":"5-september-2026-2221","status":"publish","type":"post","link":"https:\/\/szentannaplebania.dnyem.hu\/?p=2619","title":{"rendered":"5 September, 2026 22:21"},"content":{"rendered":"<p><strong>HIRDET\u00c9SEK AZ \u00c9VK\u00d6ZI 23. VAS\u00c1RNAP<\/strong> (szept. 6.)<\/p>\n<p>1. <strong>Ma <\/strong>a szentmis\u00e9k v\u00e9g\u00e9n meg\u00e1ldjuk a jelenl\u00e9v\u0151 pedag\u00f3gusokat, di\u00e1kokat \u00e9s iskolat\u00e1sk\u00e1jukat.<\/p>\n<p>2. <strong>Ma<\/strong>, els\u0151vas\u00e1rnap, 15 \u00f3r\u00e1t\u00f3l szents\u00e9gim\u00e1d\u00e1sra t\u00e9rhet\u00fcnk be 17:30-ig.<\/p>\n<p>3. <strong>Szeptember 19-\u00e9n, szombaton sz\u00fcretre<\/strong> h\u00edvom hittanos gyermekeinket, testv\u00e9reiket \u00e9s sz\u00fcleiket Pallagra a Mez\u0151gazdas\u00e1gtudom\u00e1nyi Kar Tangazdas\u00e1g\u00e1nak sz\u0151l\u0151j\u00e9be. Ott lesz a gy\u00fclekez\u0151 f\u00e9l 10-t\u0151l. A biciklisek 9-kor indulnak a sz\u00e9kesegyh\u00e1z el\u0151l.<\/p>\n<p>A szervez\u00e9s \u00e9s eb\u00e9deltet\u00e9s megk\u00f6nny\u00edt\u00e9se \u00e9rdek\u00e9ben m\u00e1t\u00f3l lehet jelentkezni a sz\u00fcretre feliratkoz\u00e1ssal <strong>legk\u00e9s\u0151bb szeptember 12-ig <\/strong>a hitoktat\u00f3kn\u00e1l, a sekresty\u00e9ben vagy a pl\u00e9b\u00e1niairod\u00e1n. A r\u00e9sztvev\u0151k k\u00e9st vagy metsz\u0151oll\u00f3t hozzanak magukkal!<\/p>\n<p>4. <strong>Szeptember 26-\u00e1n, szombaton <\/strong>felk\u00e9sz\u00edt\u00e9st ind\u00edtunk 09 \u00f3r\u00e1t\u00f3l b\u00e9rm\u00e1lkoz\u00e1sra \u00e9s 10 \u00f3r\u00e1t\u00f3l els\u0151\u00e1ldoz\u00e1sra az 5. teremben. Els\u0151\u00e1ldoz\u00e1sra jelentkezhetnek az id\u00e9n harmadik vagy fels\u0151bb oszt\u00e1lyokba j\u00e1r\u00f3 gyermekek, akik m\u00e9g nem voltak els\u0151\u00e1ldoz\u00f3k.B\u00e9rm\u00e1lkoz\u00e1sra fogadjuk a hetedik oszt\u00e1lyba men\u0151k jelentkez\u00e9s\u00e9t \u00e9s azok\u00e9t akik fels\u0151bb oszt\u00e1lyba j\u00e1rnak, de m\u00e9g nem b\u00e9rm\u00e1lkoztak.<\/p>\n<p>5. Azokat a feln\u0151tteket is h\u00edvom a <strong>szeptember 15-\u00e9n 18:30-t\u00f3l<\/strong> indul\u00f3 felk\u00e9sz\u00edt\u0151re, akik szeretn\u00e9nek megkeresztelkedni, vagy megkereszteltek, de a t\u00f6bbi szents\u00e9gben m\u00e9g nem r\u00e9szes\u00fcltek, vagy katoliz\u00e1lni akarnak.<\/p>\n<p>6. <strong>Szeptember 26-\u00e1n 10 \u00f3r\u00e1t\u00f3l<\/strong> a Megtestes\u00fcl\u00e9s Pl\u00e9b\u00e1ni\u00e1n rendezz\u00fck meg az egyh\u00e1zmegyei csal\u00e1di napot, a Csal\u00e1d Expot. A gyermekek fel\u00fcgyelet\u00e9r\u0151l az eg\u00e9sz program ideje alatt gondoskodnak. A r\u00e9sztvev\u0151k kapnak eb\u00e9det.<\/p>\n<p>7. Liturgikus \u00fcnnepek \u00e9s eml\u00e9knapok e h\u00e9ten: h\u00e9tf\u0151n Szt. M\u00e1rk, Szt. Istv\u00e1n \u00e9s Szt. Menyh\u00e9rt \u00e1ldoz\u00f3papok, kassai v\u00e9rtan\u00fak \u00fcnnepe; kedden Sz\u0171z M\u00e1ria sz\u00fclet\u00e9s\u00e9nek \u00fcnnepe (Kisboldogasszony) \u00e9s szombaton Sz\u0171z M\u00e1ria Szent nev\u00e9nek eml\u00e9knapja.<\/p>\n<p>8. <strong>Minden katolikus h\u00e1ztart\u00e1sban legyen Debreceni Katolikus Figyel\u0151!<\/strong> Ezzel a mott\u00f3val elvihet\u0151 az \u00fajs\u00e1gos polcr\u00f3l 200 Ft-os \u00e1ron egyh\u00e1zk\u00f6zs\u00e9g\u00fcnk kiadv\u00e1ny\u00e1nak leg\u00fajabb sz\u00e1ma.<\/p>\n<p>9. A szeptember 1-ig megtartott ny\u00e1ri ministr\u00e1nsverseny eredm\u00e9nyhirdet\u00e9se:<\/p>\n<p>1. helyezett: <strong>Kocsis Hunor<\/strong> (13 alkalommal).<\/p>\n<p>2. helyezett: <strong>Kontra Gy\u00f6rgy<\/strong> <strong>\u00e9s<\/strong> <strong>Gyarmati Bal\u00e1zs<\/strong> (11-11 alkalommal).<\/p>\n<p>3. helyezett:<strong> Gell\u00e9ri Benj\u00e1min, Gyimesi Tam\u00e1s \u00e9s S\u00e1ndor Szabolcs <\/strong>(10-10 alkalommal). A versenyben r\u00e9szt vett m\u00e9g <strong>Andr\u00e9si Bal\u00e1zs,<\/strong> <strong>Gyimesi Gergely<\/strong> (9-9 alkalommal), <strong>Fekete Krist\u00f3f<\/strong> (8 alkalommal), <strong>Kontra \u00c1d\u00e1m<\/strong> (6 alkalommal), <strong>Kucser L\u0151rinc<\/strong> (5 alkalommal), <strong>Fekete Norbert<\/strong> (3 alkalommal), <strong>Kucser \u00c1bel<\/strong> (2 alkalommal), <strong>Johom Zsolt \u00e9s Johom Vendel<\/strong> (1-1 alkalommal).<\/p>\n<p>H\u0171s\u00e9ges szolg\u00e1latukat k\u00f6sz\u00f6nj\u00fck. Szorgalmuk j\u00f3 p\u00e9ldaad\u00e1sul szolg\u00e1l gyermekeinknek.<\/p>\n<p>B\u00e1tor\u00edtom a fi\u00fakat \u00e9s l\u00e1nyokat, hogy ministr\u00e1ljanak a vas\u00e1r- \u00e9s h\u00e9tk\u00f6znapi szentmis\u00e9ken. A nagyobbak majd betan\u00edtj\u00e1k a kisebbeket.<\/p>\n<p>10.Zar\u00e1ndoklat <strong>okt. 11-\u00e9n<\/strong>, vas\u00e1rnap M\u00e1travereb\u00e9ly-Szentk\u00fatra a Magyarok Nagyasszonya b\u00facs\u00fara. A busz a Szt. J\u00f3zsef Gimn\u00e1zium el\u0151l indul. Az \u00fatik\u00f6lts\u00e9g szem\u00e9lyenk\u00e9nt 10.000 Ft. Jelentkezni lehet szeptember 30-ig.<\/p>\n<table>\n<tr>\n<td><a href=\"https:\/\/www.avast.com\/sig-email?utm_medium=email&amp;utm_source=link&amp;utm_campaign=sig-email&amp;utm_content=webmail\"><img loading=\"lazy\" decoding=\"async\" src=\"https:\/\/s-install.avcdn.net\/ipm\/preview\/icons\/icon-envelope-tick-round-orange-animated-no-repeat-v1.gif\" alt=\"\" width=\"46\" height=\"29\" \/><\/a><\/td>\n<td>V\u00edrusmentes.<a href=\"https:\/\/www.avast.com\/sig-email?utm_medium=email&amp;utm_source=link&amp;utm_campaign=sig-email&amp;utm_content=webmail\">www.avast.com<\/a><\/td>\n<\/tr>\n<\/table>\n","protected":false},"excerpt":{"rendered":"<p>HIRDET\u00c9SEK AZ \u00c9VK\u00d6ZI 23. VAS\u00c1RNAP (szept. 6.) 1. Ma a szentmis\u00e9k v\u00e9g\u00e9n meg\u00e1ldjuk a jelenl\u00e9v\u0151 pedag\u00f3gusokat, di\u00e1kokat \u00e9s iskolat\u00e1sk\u00e1jukat. 2. Ma, els\u0151vas\u00e1rnap, 15 \u00f3r\u00e1t\u00f3l szents\u00e9gim\u00e1d\u00e1sra t\u00e9rhet\u00fcnk be 17:30-ig. 3. Szeptember 19-\u00e9n, szombaton sz\u00fcretre h\u00edvom hittanos gyermekeinket, testv\u00e9reiket \u00e9s sz\u00fcleiket Pallagra a Mez\u0151gazdas\u00e1gtudom\u00e1nyi Kar Tangazdas\u00e1g\u00e1nak sz\u0151l\u0151j\u00e9be. Ott lesz a gy\u00fclekez\u0151 f\u00e9l 10-t\u0151l. A biciklisek 9-kor indulnak &hellip; <a href=\"https:\/\/szentannaplebania.dnyem.hu\/?p=2619\" class=\"more-link\"><span class=\"screen-reader-text\">5 September, 2026 22:21<\/span> r\u00e9szletei&#8230;<\/a><\/p>\n","protected":false},"author":2,"featured_media":0,"comment_status":"closed","ping_status":"open","sticky":false,"template":"","format":"standard","meta":{"_jetpack_memberships_contains_paid_content":false,"footnotes":""},"categories":[15],"tags":[],"class_list":["post-2619","post","type-post","status-publish","format-standard","hentry","category-hirdetesek"],"jetpack_featured_media_url":"","jetpack_shortlink":"https:\/\/wp.me\/p9doK4-Gf","jetpack_sharing_enabled":true,"_links":{"self":[{"href":"https:\/\/szentannaplebania.dnyem.hu\/index.php?rest_route=\/wp\/v2\/posts\/2619","targetHints":{"allow":["GET"]}}],"collection":[{"href":"https:\/\/szentannaplebania.dnyem.hu\/index.php?rest_route=\/wp\/v2\/posts"}],"about":[{"href":"https:\/\/szentannaplebania.dnyem.hu\/index.php?rest_route=\/wp\/v2\/types\/post"}],"author":[{"embeddable":true,"href":"https:\/\/szentannaplebania.dnyem.hu\/index.php?rest_route=\/wp\/v2\/users\/2"}],"replies":[{"embeddable":true,"href":"https:\/\/szentannaplebania.dnyem.hu\/index.php?rest_route=%2Fwp%2Fv2%2Fcomments&post=2619"}],"version-history":[{"count":0,"href":"https:\/\/szentannaplebania.dnyem.hu\/index.php?rest_route=\/wp\/v2\/posts\/2619\/revisions"}],"wp:attachment":[{"href":"https:\/\/szentannaplebania.dnyem.hu\/index.php?rest_route=%2Fwp%2Fv2%2Fmedia&parent=2619"}],"wp:term":[{"taxonomy":"category","embeddable":true,"href":"https:\/\/szentannaplebania.dnyem.hu\/index.php?rest_route=%2Fwp%2Fv2%2Fcategories&post=2619"},{"taxonomy":"post_tag","embeddable":true,"href":"https:\/\/szentannaplebania.dnyem.hu\/index.php?rest_route=%2Fwp%2Fv2%2Ftags&post=2619"}],"curies":[{"name":"wp","href":"https:\/\/api.w.org\/{rel}","templated":true}]}}